{"id":932,"date":"2026-09-05T19:31:04","date_gmt":"2026-09-05T23:31:04","guid":{"rendered":"https:\/\/radioaraucania.cl\/?p=932"},"modified":"2026-09-05T19:31:04","modified_gmt":"2026-09-05T23:31:04","slug":"en-laja-exitosa-fiesta-del-camaron","status":"publish","type":"post","link":"https:\/\/radioaraucania.cl\/?p=932","title":{"rendered":"EN LAJA, EXITOSA FIESTA DEL CAMAR\u00d3N"},"content":{"rendered":"<p>Fiesta del Camar\u00f3n 2026 concluye con \u00e9xito, reuniendo tradici\u00f3n, m\u00fasica y familias en Laja<br \/>\nCon una alta participaci\u00f3n de la comunidad y un fin de semana marcado por la m\u00fasica, el folclor y las tradiciones locales, concluy\u00f3 este domingo 23 de agosto una nueva versi\u00f3n de la Fiesta del Camar\u00f3n 2026, actividad organizada por la Municipalidad de Laja.<br \/>\nLa celebraci\u00f3n reuni\u00f3 a familias lajinas y visitantes de toda la regi\u00f3n en el Polideportivo Municipal, donde durante ambas jornadas se desarroll\u00f3 una variada programaci\u00f3n art\u00edstica que puso en valor las tradiciones y el talento local y regional.<br \/>\nLa inauguraci\u00f3n, realizada durante la jornada del s\u00e1bado, cont\u00f3 con la participaci\u00f3n de autoridades, representantes de organizaciones sociales, agrupaciones folcl\u00f3ricas, Carabineros y CMPC, adem\u00e1s de una importante presencia de p\u00fablico.<br \/>\nDurante el fin de semana se presentaron Allipen, Taller de Cueca y Ballet de Personas Mayores, Club de Cueca Cancha Rayada, El Gallo de Oro, Los S\u00faper Reales, Reales de Pantanillo, Talismanes del Ritmo y del Amor, Pallaqu\u00e9n, Agrupaci\u00f3n Folcl\u00f3rica Quimant\u00fa, Agrupaci\u00f3n Folcl\u00f3rica Altos del Laja, Parranderos de Laja, La Combo Lajino y JP y su Banda Llanera, acompa\u00f1ando las distintas actividades preparadas para esta tradicional celebraci\u00f3n.<br \/>\nUno de los momentos centrales fue la tradicional competencia de extracci\u00f3n de camarones, desarrollada en el sector Quiebrafrenos, instancia que permiti\u00f3 mantener viva una costumbre profundamente ligada a la identidad de la comuna y que cont\u00f3 con la participaci\u00f3n de vecinos y visitantes.<br \/>\nEl alcalde de Laja, Vladimir Fica Toledo, realiz\u00f3 un positivo balance de la celebraci\u00f3n y destac\u00f3 especialmente el trabajo coordinado que permiti\u00f3 desarrollar una fiesta segura y familiar.<br \/>\n\u201cEstamos muy contentos por c\u00f3mo se desarroll\u00f3 esta Fiesta del Camar\u00f3n. Quiero agradecer a todos los vecinos que participaron, a las agrupaciones sociales y folcl\u00f3ricas, a Carabineros y a cada una de las personas que colaboraron para que pudi\u00e9ramos tener una celebraci\u00f3n tranquila y segura\u201d, se\u00f1al\u00f3.<br \/>\nEl jefe comunal tambi\u00e9n valor\u00f3 especialmente la disposici\u00f3n de los vecinos de Quiebrafrenos, quienes acogieron la tradicional competencia de extracci\u00f3n de camarones.<br \/>\n\u201cQuiero agradecer de manera especial a los vecinos de Quiebrafrenos por recibir esta actividad. Fue una decisi\u00f3n que tomamos pensando en la seguridad y tambi\u00e9n en resguardar las condiciones de salud, pero manteniendo viva esta tradici\u00f3n que es tan importante para nuestra comuna\u201d, agreg\u00f3.<br \/>\nFinalmente, el alcalde destac\u00f3 la participaci\u00f3n de las familias y el ambiente vivido durante ambas jornadas.<br \/>\n\u201cNos quedamos muy contentos con el resultado. La gente pudo disfrutar, compartir en familia y mantener vivas nuestras tradiciones. Ese es finalmente el sentido de esta fiesta: que nuestras costumbres sigan presentes y que podamos encontrarnos como comunidad\u201d, concluy\u00f3.<br \/>\nDesde la Municipalidad de Laja se agradeci\u00f3 a todos quienes hicieron posible esta nueva versi\u00f3n de la Fiesta del Camar\u00f3n, especialmente a las organizaciones participantes, artistas, funcionarios municipales, instituciones colaboradoras y a la comunidad, que una vez m\u00e1s respondi\u00f3 a esta tradicional celebraci\u00f3n lajina.<\/p>\n","protected":false},"excerpt":{"rendered":"<p>Fiesta del Camar\u00f3n 2026 concluye con \u00e9xito, reuniendo tradici\u00f3n, m\u00fasica y familias en Laja Con una alta participaci\u00f3n de la comunidad y un fin de semana marcado por la m\u00fasica, el folclor y las tradiciones locales, concluy\u00f3 este domingo 23 de agosto una nueva versi\u00f3n de la Fiesta del Camar\u00f3n 2026, actividad organizada por la [&hellip;]<\/p>\n","protected":false},"author":1,"featured_media":435,"comment_status":"closed","ping_status":"closed","sticky":false,"template":"","format":"standard","meta":{"footnotes":""},"categories":[2],"tags":[],"class_list":["post-932","post","type-post","status-publish","format-standard","has-post-thumbnail","hentry","category-noticias"],"_links":{"self":[{"href":"https:\/\/radioaraucania.cl\/index.php?rest_route=\/wp\/v2\/posts\/932","targetHints":{"allow":["GET"]}}],"collection":[{"href":"https:\/\/radioaraucania.cl\/index.php?rest_route=\/wp\/v2\/posts"}],"about":[{"href":"https:\/\/radioaraucania.cl\/index.php?rest_route=\/wp\/v2\/types\/post"}],"author":[{"embeddable":true,"href":"https:\/\/radioaraucania.cl\/index.php?rest_route=\/wp\/v2\/users\/1"}],"replies":[{"embeddable":true,"href":"https:\/\/radioaraucania.cl\/index.php?rest_route=%2Fwp%2Fv2%2Fcomments&post=932"}],"version-history":[{"count":1,"href":"https:\/\/radioaraucania.cl\/index.php?rest_route=\/wp\/v2\/posts\/932\/revisions"}],"predecessor-version":[{"id":934,"href":"https:\/\/radioaraucania.cl\/index.php?rest_route=\/wp\/v2\/posts\/932\/revisions\/934"}],"wp:featuredmedia":[{"embeddable":true,"href":"https:\/\/radioaraucania.cl\/index.php?rest_route=\/wp\/v2\/media\/435"}],"wp:attachment":[{"href":"https:\/\/radioaraucania.cl\/index.php?rest_route=%2Fwp%2Fv2%2Fmedia&parent=932"}],"wp:term":[{"taxonomy":"category","embeddable":true,"href":"https:\/\/radioaraucania.cl\/index.php?rest_route=%2Fwp%2Fv2%2Fcategories&post=932"},{"taxonomy":"post_tag","embeddable":true,"href":"https:\/\/radioaraucania.cl\/index.php?rest_route=%2Fwp%2Fv2%2Ftags&post=932"}],"curies":[{"name":"wp","href":"https:\/\/api.w.org\/{rel}","templated":true}]}}