{"id":682,"date":"2025-10-23T10:32:52","date_gmt":"2025-10-23T14:32:52","guid":{"rendered":"https:\/\/radioaraucania.cl\/?p=682"},"modified":"2025-10-23T10:32:52","modified_gmt":"2025-10-23T14:32:52","slug":"lo-dijo-kast-mientras-boric-se-dedica-a-afirmar-a-jara-a-los-chilenos-le-suben-la-luz","status":"publish","type":"post","link":"https:\/\/radioaraucania.cl\/?p=682","title":{"rendered":"LO DIJO KAST:  \u00abMIENTRAS BORIC SE DEDICA A AFIRMAR A JARA A LOS CHILENOS LE SUBEN LA LUZ\u00bb"},"content":{"rendered":"<p>SANTIAGO.- El candidato Republicano, Jos\u00e9 Antonio Kast, sali\u00f3<br \/>\nal paso de las cr\u00edticas del Presidente Gabriel Boric en su<br \/>\ncontra, afirmando que mientras \u00abse dedica a ser jefe de<br \/>\ncampa\u00f1a de Jara a los chilenos les sube la cuenta de la luz\u00bb.<br \/>\nEsto luego de que Boric dijera que \u00abhay algunos que dicen que<br \/>\nda lo mismo el gobierno, porque al otro d\u00eda igual hay que<br \/>\ntrabajar, pero no da lo mismo hacerlo con un gobierno que<br \/>\ngarantiza derechos, avanza en mejores condiciones laborales,<br \/>\nque aumenta el sueldo m\u00ednimo, con otro que, eventualmente,<br \/>\nrecorte derechos\u00bb.<\/p>\n<p>SANTIAGO.- Ante esto, Kast asegur\u00f3 que \u00abal Presidente no le<br \/>\ncorresponde intervenir en la elecci\u00f3n presidencial, sino que<br \/>\nsu funci\u00f3n es trabajar para proteger y mejorar la calidad de<br \/>\nvida de todos los chilenos\u00bb. \u00abMientras el Presidente se<br \/>\ndedica a ser jefe de campa\u00f1a de Jeannette Jara, ni\u00f1os y<br \/>\nadultos mayores son asesinados por la delincuencia, a<br \/>\nmillones de chilenos les sube la cuenta de la luz por errores<br \/>\nde su gobierno, y en las fronteras siguen entrando<br \/>\ninmigrantes ilegales\u00bb, dijo.<\/p>\n<p>VALPARAISO.- La senadora y tambi\u00e9n vocera del comando de<br \/>\nJeannette Jara, Alejandra Sep\u00falveda, se mostr\u00f3 de acuerdo a<br \/>\nlos dichos de su par, Ricardo Lagos-Weber, respecto a la<br \/>\ndistracci\u00f3n que generan las sucesivas interpelaciones del<br \/>\nPresidente Gabriel Boric contra Jos\u00e9 Antonio Kast. Al<br \/>\nrespecto, sostuvo que \u00abel Presidente tiene todo el derecho de<br \/>\ninterpelar a quien estime conveniente y sin duda defender las<br \/>\npol\u00edticas p\u00fablicas de su gobierno\u00bb.<\/p>\n<p>VALPARAISO.- Sin embargo, dijo \u00abtenemos que estar<br \/>\npermanentemente dando explicaciones y desviando tensi\u00f3n y<br \/>\nenerg\u00eda desde el comando que deber\u00edamos utilizar sin duda en<br \/>\ndar a conocer las ideas, las propuestas de nuestra<br \/>\ncandidata\u00bb. \u00abLo m\u00e1s importante para el pa\u00eds, para el comando,<br \/>\nes que el gobierno haga bien lo que tiene que hacer, de<br \/>\ngobernar hasta el \u00faltimo d\u00eda y que gobierne bien. Lo dem\u00e1s es<br \/>\nun abrazo del oso\u00bb, afirm\u00f3.<\/p>\n<p>ANTOFAGASTA.- Carabineros de Antofagasta detuvieron a seis<br \/>\nsujetos, de distintas nacionalidades, acusados de secuestrar<br \/>\na un hombre y esconderlo en un b\u00fanker subterr\u00e1neo que est\u00e1 al<br \/>\ninterior del campamento \u00abMujeres cabeza de familia\u00bb de<br \/>\nAntofagasta. As\u00ed, se logr\u00f3 establecer que los detenidos<br \/>\nser\u00edan los autores del secuestro agravado que afect\u00f3 a una<br \/>\nv\u00edctima colombiana, quien sufri\u00f3 diversas lesiones tras ser<br \/>\ngolpeado y torturado.<\/p>\n<p>ANTOFAGASTA.- En ese lugar la v\u00edctima habr\u00eda permanecido<br \/>\nretenida por varias horas, siempre bajo amenaza y sometida a<br \/>\nconstantes agresiones, hasta que, en un descuido de sus<br \/>\ncaptores, logr\u00f3 zafarse de sus ataduras y huir del lugar. El<br \/>\nafectado presentaba lesiones atribuibles a golpes con<br \/>\nelementos contundentes, pero adem\u00e1s quemaduras por calor y<br \/>\nelectricidad, y hab\u00eda perdido parte de una oreja, seg\u00fan su<br \/>\nrelato, a consecuencia de una mordida.<\/p>\n<p>ANTOFAGASTA.- El Ministerio P\u00fablico instruy\u00f3 diligencias al<br \/>\nOS7 y OS9 de Carabineros, que realizaron una serie de<br \/>\nallanamientos en distintos domicilios de inter\u00e9s, donde se<br \/>\nrecupera evidencia del hecho y de las actividades il\u00edcitas<br \/>\ndel grupo. En el lugar, se encuentra un b\u00fanker, d\u00f3nde<br \/>\npresumiblemente se almacenaban drogas. Los detenidos fueron<br \/>\nformalizados por asociaci\u00f3n criminal y secuestro agravado y<br \/>\nquedaron en prisi\u00f3n preventiva por peligro para la seguridad<br \/>\nde la sociedad.<\/p>\n<p>SANTIAGO.- El gerente de selecciones nacionales, Felipe<br \/>\nCorrea, coment\u00f3 la opci\u00f3n de que el t\u00e9cnico nacional Manuel<br \/>\nPellegrini llegue a ponerse el buzo de la Roja de cara al<br \/>\npr\u00f3ximo proceso clasificatorio al Mundial de 2030.\u00bbEl f\u00fatbol<br \/>\ntiene sus tiempos, si uno est\u00e1 en conversaciones con uno que<br \/>\npuede tomar en un mes m\u00e1s, tendr\u00e1s que esperar; o si la<br \/>\noportunidad es ahora, tendr\u00e1s que apurar el proceso, pero el<br \/>\nfoco es aprovechar las instancias del pr\u00f3ximo a\u00f1o\u00bb, a\u00f1adi\u00f3.<\/p>\n<p>SANTIAGO.- As\u00ed, explic\u00f3 que la pregunta hay que hac\u00e9rsela al<br \/>\npropio Pellegrini. \u00abY m\u00e1s all\u00e1 del nombre particular,<br \/>\nqueremos un t\u00e9cnico del m\u00e1s alto nivel y siempre he dicho<br \/>\nser\u00eda una tremenda noticia contar con \u00e9l\u00bb, expres\u00f3.<br \/>\nConsultado por el tema monetario, expres\u00f3 que \u00absi<br \/>\nencontramos, y tenemos un listado de alternativas que puede<br \/>\ngenerarse un convencimiento de ambas partes, y as\u00ed generar el<br \/>\nesfuerzo econ\u00f3mico. No creo que la limitaci\u00f3n econ\u00f3mica sea<br \/>\nlo que nos impida traer a un t\u00e9cnico\u00bb, asegur\u00f3.<\/p>\n<p>DEL EXTERIOR<\/p>\n","protected":false},"excerpt":{"rendered":"<p>SANTIAGO.- El candidato Republicano, Jos\u00e9 Antonio Kast, sali\u00f3 al paso de las cr\u00edticas del Presidente Gabriel Boric en su contra, afirmando que mientras \u00abse dedica a ser jefe de campa\u00f1a de Jara a los chilenos les sube la cuenta de la luz\u00bb. Esto luego de que Boric dijera que \u00abhay algunos que dicen que da [&hellip;]<\/p>\n","protected":false},"author":1,"featured_media":683,"comment_status":"closed","ping_status":"closed","sticky":false,"template":"","format":"standard","meta":{"footnotes":""},"categories":[2],"tags":[],"class_list":["post-682","post","type-post","status-publish","format-standard","has-post-thumbnail","hentry","category-noticias"],"_links":{"self":[{"href":"https:\/\/radioaraucania.cl\/index.php?rest_route=\/wp\/v2\/posts\/682","targetHints":{"allow":["GET"]}}],"collection":[{"href":"https:\/\/radioaraucania.cl\/index.php?rest_route=\/wp\/v2\/posts"}],"about":[{"href":"https:\/\/radioaraucania.cl\/index.php?rest_route=\/wp\/v2\/types\/post"}],"author":[{"embeddable":true,"href":"https:\/\/radioaraucania.cl\/index.php?rest_route=\/wp\/v2\/users\/1"}],"replies":[{"embeddable":true,"href":"https:\/\/radioaraucania.cl\/index.php?rest_route=%2Fwp%2Fv2%2Fcomments&post=682"}],"version-history":[{"count":1,"href":"https:\/\/radioaraucania.cl\/index.php?rest_route=\/wp\/v2\/posts\/682\/revisions"}],"predecessor-version":[{"id":684,"href":"https:\/\/radioaraucania.cl\/index.php?rest_route=\/wp\/v2\/posts\/682\/revisions\/684"}],"wp:featuredmedia":[{"embeddable":true,"href":"https:\/\/radioaraucania.cl\/index.php?rest_route=\/wp\/v2\/media\/683"}],"wp:attachment":[{"href":"https:\/\/radioaraucania.cl\/index.php?rest_route=%2Fwp%2Fv2%2Fmedia&parent=682"}],"wp:term":[{"taxonomy":"category","embeddable":true,"href":"https:\/\/radioaraucania.cl\/index.php?rest_route=%2Fwp%2Fv2%2Fcategories&post=682"},{"taxonomy":"post_tag","embeddable":true,"href":"https:\/\/radioaraucania.cl\/index.php?rest_route=%2Fwp%2Fv2%2Ftags&post=682"}],"curies":[{"name":"wp","href":"https:\/\/api.w.org\/{rel}","templated":true}]}}