{"id":676,"date":"2025-10-13T14:22:52","date_gmt":"2025-10-13T18:22:52","guid":{"rendered":"https:\/\/radioaraucania.cl\/?p=676"},"modified":"2025-10-13T14:22:52","modified_gmt":"2025-10-13T18:22:52","slug":"evelyn-matthei-presnta-propuesta-contra-la-imigracion-ilegal-agencia-orbe","status":"publish","type":"post","link":"https:\/\/radioaraucania.cl\/?p=676","title":{"rendered":"EVELYN MATTHEI PRESNTA PROPUESTA CONTRA LA IMIGRACION ILEGAL &#8211; AGENCIA ORBE"},"content":{"rendered":"<p>Evelyn Matthei presenta propuestas contra la inmigraci\u00f3n<br \/>\nilegal: \u201cEn un a\u00f1o vamos a tener cerradas nuestras fronteras<\/p>\n<p>\u25cf La candidata anunci\u00f3 que el ingreso ilegal al pa\u00eds ser\u00e1 un delito, la creaci\u00f3n de<br \/>\nla nueva Polic\u00eda Militar Fronteriza y la expulsi\u00f3n de presos extranjeros y de<br \/>\ninmigrantes irregulares con orden de salida del pa\u00eds.<br \/>\n\u25cf Tambi\u00e9n anunci\u00f3 que se ayudar\u00e1 a los municipios a mantener el orden en<br \/>\ncalles, plazas y espacios p\u00fablicos, poniendo fin a ruidos molestos, parrillas<br \/>\ncallejeras, ocupaciones ilegales o tr\u00e1nsito de motos en veredas.<\/p>\n<p>13 de octubre de 2025<\/p>\n<p>La candidata presidencial Evelyn Matthei present\u00f3 este lunes propuestas para<br \/>\nponer fin a la inmigraci\u00f3n ilegal descontrolada, que incluyen calificar como delito el<br \/>\ningreso irregular en el pa\u00eds, la creaci\u00f3n de la Polic\u00eda Militar Fronteriza, y el cierre<br \/>\ncompleto de las fronteras en el primer a\u00f1o de gobierno.<br \/>\n\u201cLa inmigraci\u00f3n irregular descontrolada es uno de los problemas m\u00e1s graves de<br \/>\nnuestro pa\u00eds. Los chilenos claman por seguridad, estabilidad y tranquilidad. Nos<br \/>\ncomprometemos a tener en un a\u00f1o cerradas nuestras fronteras\u201d, dijo Matthei en<br \/>\nun acto en la comuna de Independencia en la que estuvo acompa\u00f1ada por el<br \/>\nalcalde Agust\u00edn Iglesias.<br \/>\nLa exalcaldesa detall\u00f3 que ser\u00e1 delito el ingreso ilegal en Chile y anunci\u00f3 la<br \/>\ncreaci\u00f3n de la Polic\u00eda Militar Fronteriza, entregando a las Fuerzas Armadas el<br \/>\nresguardo permanente de la frontera, junto con Carabineros y PDI, para alcanzar<br \/>\nen un a\u00f1o una frontera totalmente cerrada.<br \/>\nAdem\u00e1s, declar\u00f3 que se ejecutar\u00e1 la expulsi\u00f3n de 3.000 presos extranjeros y<br \/>\n10.000 inmigrantes irregulares con orden vigente, fortaleciendo la coordinaci\u00f3n<br \/>\ncon el Poder Judicial y los pa\u00edses de origen.<\/p>\n<p>La candidata tambi\u00e9n anunci\u00f3 que se ayudar\u00e1 a los municipios a mantener el<br \/>\norden en calles, plazas y espacios p\u00fablicos, poniendo fin a ruidos molestos,<br \/>\nparrillas callejeras, ocupaciones ilegales o tr\u00e1nsito de motos en veredas.<br \/>\n\u201cNo van a seguir soportando ruidos molestos, parrillas callejeras, ocupaciones<br \/>\nilegales o tr\u00e1nsito de motos en veredas\u201d, dijo Matthei.<br \/>\nTambi\u00e9n se entregar\u00e1 a los municipios informaci\u00f3n sobre condenados de alto<br \/>\nriesgo pr\u00f3ximos a salir en libertad, para reforzar la prevenci\u00f3n comunitaria.<br \/>\nFinalmente, los extranjeros que egresen de centros penitenciarios tendr\u00e1n<br \/>\nexpulsi\u00f3n inmediata.<br \/>\nM\u00e1s de 330 mil personas se encuentran en situaci\u00f3n migratoria irregular,<br \/>\ntriplicando la cifra entre 2021 y 2023, de acuerdo con datos del INE. Seg\u00fan la PDI<br \/>\nm\u00e1s de 142 mil personas ingresaron por pasos no habilitados desde enero de<br \/>\n2022 y hoy, 16% de los presos son extranjeros y est\u00e1n involucrados en el 13% de<br \/>\nlos homicidios.<br \/>\n\u201cA Chile se entra por la puerta y pidiendo permiso, y no a la mala por la ventana\u201d,<\/p>\n","protected":false},"excerpt":{"rendered":"<p>Evelyn Matthei presenta propuestas contra la inmigraci\u00f3n ilegal: \u201cEn un a\u00f1o vamos a tener cerradas nuestras fronteras \u25cf La candidata anunci\u00f3 que el ingreso ilegal al pa\u00eds ser\u00e1 un delito, la creaci\u00f3n de la nueva Polic\u00eda Militar Fronteriza y la expulsi\u00f3n de presos extranjeros y de inmigrantes irregulares con orden de salida del pa\u00eds. \u25cf [&hellip;]<\/p>\n","protected":false},"author":1,"featured_media":677,"comment_status":"closed","ping_status":"closed","sticky":false,"template":"","format":"standard","meta":{"footnotes":""},"categories":[1],"tags":[],"class_list":["post-676","post","type-post","status-publish","format-standard","has-post-thumbnail","hentry","category-uncategorized"],"_links":{"self":[{"href":"https:\/\/radioaraucania.cl\/index.php?rest_route=\/wp\/v2\/posts\/676","targetHints":{"allow":["GET"]}}],"collection":[{"href":"https:\/\/radioaraucania.cl\/index.php?rest_route=\/wp\/v2\/posts"}],"about":[{"href":"https:\/\/radioaraucania.cl\/index.php?rest_route=\/wp\/v2\/types\/post"}],"author":[{"embeddable":true,"href":"https:\/\/radioaraucania.cl\/index.php?rest_route=\/wp\/v2\/users\/1"}],"replies":[{"embeddable":true,"href":"https:\/\/radioaraucania.cl\/index.php?rest_route=%2Fwp%2Fv2%2Fcomments&post=676"}],"version-history":[{"count":1,"href":"https:\/\/radioaraucania.cl\/index.php?rest_route=\/wp\/v2\/posts\/676\/revisions"}],"predecessor-version":[{"id":678,"href":"https:\/\/radioaraucania.cl\/index.php?rest_route=\/wp\/v2\/posts\/676\/revisions\/678"}],"wp:featuredmedia":[{"embeddable":true,"href":"https:\/\/radioaraucania.cl\/index.php?rest_route=\/wp\/v2\/media\/677"}],"wp:attachment":[{"href":"https:\/\/radioaraucania.cl\/index.php?rest_route=%2Fwp%2Fv2%2Fmedia&parent=676"}],"wp:term":[{"taxonomy":"category","embeddable":true,"href":"https:\/\/radioaraucania.cl\/index.php?rest_route=%2Fwp%2Fv2%2Fcategories&post=676"},{"taxonomy":"post_tag","embeddable":true,"href":"https:\/\/radioaraucania.cl\/index.php?rest_route=%2Fwp%2Fv2%2Ftags&post=676"}],"curies":[{"name":"wp","href":"https:\/\/api.w.org\/{rel}","templated":true}]}}