{"id":445,"date":"2025-06-05T15:19:02","date_gmt":"2025-06-05T19:19:02","guid":{"rendered":"https:\/\/radioaraucania.cl\/?p=445"},"modified":"2025-06-05T15:19:02","modified_gmt":"2025-06-05T19:19:02","slug":"la-ministro-subrogante-aisen-etcheverry-defendio-bullado-caso-penal-punta-peuco","status":"publish","type":"post","link":"https:\/\/radioaraucania.cl\/?p=445","title":{"rendered":"LA MINISTRO SUBROGANTE, AISEN ETCHEVERRY, DEFENDIO BULLADO CASO PENAL PUNTA PEUCO"},"content":{"rendered":"<p>SANTIAGO.- La ministra subrogante de la Secretar\u00eda General de<br \/>\nGobierno, Ais\u00e9n Etcheverry, defendi\u00f3 este lunes el bullado<br \/>\nanuncio del Presidente Gabriel Boric sobre el penal Punta<br \/>\nPeuco, afirmando que es una medida que se fundamenta en<br \/>\n\u00abcriterios de justicia\u00bb y de \u00abexpansi\u00f3n carcelaria\u00bb. Este<br \/>\nanuncio, que se dio durante la Cuenta P\u00fablica, implica que el<br \/>\nrecinto podr\u00eda albergar a reos condenados por delitos comunes<br \/>\njunto a violadores de derechos humanos.<\/p>\n<p>SANTIAGO.- La ministra explic\u00f3 que esta es una decisi\u00f3n que<br \/>\n\u00abya lleva largo tiempo en an\u00e1lisis\u00bb y que ha sido objeto de<br \/>\ndiscusi\u00f3n en \u00abmuchas ocasiones\u00bb. Fundament\u00f3 la medida en<br \/>\n\u00abcriterios de justicia\u00bb, se\u00f1alando que, tras muchos a\u00f1os, los<br \/>\n\u00abprivilegios\u00bb asociados a este tipo de recinto \u00abclaramente no<br \/>\ncorresponden\u00bb.<\/p>\n<p>SANTIAGO.-Adem\u00e1s, Etcheverry contextualiz\u00f3 la decisi\u00f3n dentro<br \/>\nde una pol\u00edtica carcelaria m\u00e1s amplia del gobierno. Mencion\u00f3<br \/>\nun \u00abplan de expansi\u00f3n\u00bb que busca \u00abla creaci\u00f3n de nuevas<br \/>\nplazas\u00bb y la necesidad de mejorar la \u00abgesti\u00f3n en materia<br \/>\ncarcelaria\u00bb. \u00abEsto tambi\u00e9n responde a una materia de<br \/>\ngesti\u00f3n\u00bb, asegur\u00f3 la secretaria de Estado, haciendo eco de lo<br \/>\ndicho por el propio Presidente durante la Cuenta P\u00fablica.<\/p>\n<p>SANTIAGO.- Respecto a los pasos a seguir, detall\u00f3 que se<br \/>\nmodificar\u00e1n los decretos que regulan la situaci\u00f3n del penal.<br \/>\nLuego, Gendarmer\u00eda tendr\u00e1 la posibilidad de considerar este<br \/>\nrecinto \u00abigual como considera otros\u00bb, es decir, sin un<br \/>\nestatus diferenciado exclusivo. La ministra enfatiz\u00f3 que al<br \/>\ntomar estas decisiones, siempre se resguardar\u00e1 la \u00abnecesaria<br \/>\nsegregaci\u00f3n que existe entre los reos\u00bb, pero se habilitar\u00e1 la<br \/>\nposibilidad de que coexistan en el mismo penal. personas<br \/>\ncondenadas por delitos distintos.<\/p>\n<p>mayor apoyo so la construcci\u00f3n del metro al aeropuerto, 87<br \/>\npor ciento, la ley de sala cuna universal, 81 por ciento.<\/p>\n<p>SANTIAGO.- Y, adem\u00e1s, se sum\u00f3 los subsidios a los empleos<br \/>\npara incentivar la contrataci\u00f3n de mujeres y j\u00f3venes, 72 por<br \/>\nciento\u00bb, subray\u00f3 la encuesta. En tnto, en la quinta semana de<br \/>\nmayo, previo a la Cuenta P\u00fablica, 27 por ciento, menos un<br \/>\npunto, aprueba la gesti\u00f3n del Presidente Boric y 65 por<br \/>\nciento la desaprueba. Post discurso, la aprobaci\u00f3n lleg\u00f3 a 32<br \/>\npor ciento, m\u00e1s 55 puntos, y la desaprobaci\u00f3n a 61 por<br \/>\nciento, menos 4 puntos.<\/p>\n<p>SANTIAGO.-La econom\u00eda chilena, para bien o para mal, no<br \/>\nsorprendi\u00f3 en abril y anot\u00f3 un crecimiento dentro lo esperado<br \/>\npor el mercado, seg\u00fan el Indicador Mensual de Actividad<br \/>\nEcon\u00f3mica,Imacec, publicado este lunes por el Banco Central.<br \/>\nEl indicador mostr\u00f3 que la actividad registr\u00f3 una expansi\u00f3n<br \/>\nde 2,5 por ciento en el cuarto mes en comparaci\u00f3n al mismo<br \/>\nperiodo del a\u00f1o pasado, cuando los analistas anticipaban un<br \/>\ncrecimiento de entre 2 y 2,8 por ciento.<\/p>\n<p>SANTIAGO.-En tanto, la serie desestacionalizada aument\u00f3 0,6<br \/>\npor ciento respecto del mes precedente y 3,3 por ciento en<br \/>\ndoce meses. \u00abEl mes registr\u00f3 un d\u00eda h\u00e1bil menos que abril de<br \/>\n2024\u00bb, a\u00f1adi\u00f3 el instituto emisor en un comunicado.<\/p>\n<p>SANTIAGO.- Adem\u00e1s, se\u00f1al\u00f3 que \u00abel resultado del Imacec se<br \/>\nexplic\u00f3 por el crecimiento de todos sus componentes,<br \/>\ndestacando el desempe\u00f1o de la miner\u00eda y los servicios\u00bb. En<br \/>\ntanto, el aumento del Imacec en t\u00e9rminos desestacionalizados<br \/>\nfue determinado por la miner\u00eda, acot\u00f3. \u00abEl Imacec no minero<br \/>\npresent\u00f3 un crecimiento anual de 1,8 por ciento, mientras que<br \/>\nen t\u00e9rminos desestacionalizados aument\u00f3 0,3 por ciento<br \/>\nrespecto del mes anterior y 2,4 por ciento en doce meses\u00bb.<\/p>\n","protected":false},"excerpt":{"rendered":"<p>SANTIAGO.- La ministra subrogante de la Secretar\u00eda General de Gobierno, Ais\u00e9n Etcheverry, defendi\u00f3 este lunes el bullado anuncio del Presidente Gabriel Boric sobre el penal Punta Peuco, afirmando que es una medida que se fundamenta en \u00abcriterios de justicia\u00bb y de \u00abexpansi\u00f3n carcelaria\u00bb. Este anuncio, que se dio durante la Cuenta P\u00fablica, implica que el [&hellip;]<\/p>\n","protected":false},"author":1,"featured_media":446,"comment_status":"closed","ping_status":"closed","sticky":false,"template":"","format":"image","meta":{"footnotes":""},"categories":[2],"tags":[],"class_list":["post-445","post","type-post","status-publish","format-image","has-post-thumbnail","hentry","category-noticias","post_format-post-format-image"],"_links":{"self":[{"href":"https:\/\/radioaraucania.cl\/index.php?rest_route=\/wp\/v2\/posts\/445","targetHints":{"allow":["GET"]}}],"collection":[{"href":"https:\/\/radioaraucania.cl\/index.php?rest_route=\/wp\/v2\/posts"}],"about":[{"href":"https:\/\/radioaraucania.cl\/index.php?rest_route=\/wp\/v2\/types\/post"}],"author":[{"embeddable":true,"href":"https:\/\/radioaraucania.cl\/index.php?rest_route=\/wp\/v2\/users\/1"}],"replies":[{"embeddable":true,"href":"https:\/\/radioaraucania.cl\/index.php?rest_route=%2Fwp%2Fv2%2Fcomments&post=445"}],"version-history":[{"count":1,"href":"https:\/\/radioaraucania.cl\/index.php?rest_route=\/wp\/v2\/posts\/445\/revisions"}],"predecessor-version":[{"id":447,"href":"https:\/\/radioaraucania.cl\/index.php?rest_route=\/wp\/v2\/posts\/445\/revisions\/447"}],"wp:featuredmedia":[{"embeddable":true,"href":"https:\/\/radioaraucania.cl\/index.php?rest_route=\/wp\/v2\/media\/446"}],"wp:attachment":[{"href":"https:\/\/radioaraucania.cl\/index.php?rest_route=%2Fwp%2Fv2%2Fmedia&parent=445"}],"wp:term":[{"taxonomy":"category","embeddable":true,"href":"https:\/\/radioaraucania.cl\/index.php?rest_route=%2Fwp%2Fv2%2Fcategories&post=445"},{"taxonomy":"post_tag","embeddable":true,"href":"https:\/\/radioaraucania.cl\/index.php?rest_route=%2Fwp%2Fv2%2Ftags&post=445"}],"curies":[{"name":"wp","href":"https:\/\/api.w.org\/{rel}","templated":true}]}}