{"id":442,"date":"2025-06-05T15:09:54","date_gmt":"2025-06-05T19:09:54","guid":{"rendered":"https:\/\/radioaraucania.cl\/?p=442"},"modified":"2025-06-05T15:09:54","modified_gmt":"2025-06-05T19:09:54","slug":"cesfam-renuevan-vacunatorio-de-los-angeles-para-entregar-mejor-atencion","status":"publish","type":"post","link":"https:\/\/radioaraucania.cl\/?p=442","title":{"rendered":"CESFAM RENUEVAN VACUNATORIO DE LOS ANGELES PARA ENTREGAR MEJOR ATENCION"},"content":{"rendered":"<p>Gracias a un proyecto liderado por las unidades de Gesti\u00f3n Cl\u00ednica y Seguridad<br \/>\ndel Paciente y Desarrollo y Mantenci\u00f3n de la Infraestructura (DMI) de la Direcci\u00f3n<br \/>\nComunal de Salud los vacunatorios de la mayor\u00eda de los CESFAM de Los \u00c1ngeles<br \/>\nfueron sometidos a renovaci\u00f3n en los \u00faltimos meses.<br \/>\nLas adecuaciones realizadas han permitido contar con espacios m\u00e1s amplios,<br \/>\niluminados y confortables para usuarios y funcionarios, elevando la calidad de la<br \/>\natenci\u00f3n y facilitando el cumplimiento de la normativa vigente en esta \u00e1rea,<br \/>\nexplic\u00f3 Cynthia Barras, enfermera de la Direcci\u00f3n Comunal de Salud.<br \/>\n\u201cActualmente y ya, en un trabajo que llevamos desde el 2023 y 2024 que se est\u00e1<br \/>\nmejorando la infraestructura de los vacunatorios de nuestros CESFAM. Se est\u00e1n<br \/>\nampliando los espacios f\u00edsicos y, tambi\u00e9n, se est\u00e1n mejorando los equipos de<br \/>\nrefrigeraci\u00f3n en los cuales se almacenan y se resguardan los productos biol\u00f3gicos<br \/>\ny las vacunas. Ya hemos trabajado mejorando la infraestructura de 5 CESFAM y,<br \/>\n\u00faltimamente, estamos terminando con los trabajos en el CESFAM Nororiente\u201d.<br \/>\nSATISFACCI\u00d3N USUARIA<br \/>\n\u00c1ngela Medina, enfermera del CESFAM Dos de Septiembre y encargada del<br \/>\nvacunatorio en este centro de salud familiar, destac\u00f3 las obras ejecutadas. En su<br \/>\ncaso, \u00e9stas involucraron la habilitaci\u00f3n de otro espacio dentro del<br \/>\nestablecimiento, lo cual ha sido muy bien recibido por la comunidad.<br \/>\n\u201cEste vacunatorio es mucho m\u00e1s amplio, el otro era un box donde ten\u00edamos una<br \/>\ncamilla, las 2 vitrinas y pod\u00eda entrar un solo usuario al mismo tiempo. Ahora, ac\u00e1<br \/>\npodemos atender a 3 usuarios; pueden entrar en silla de ruedas, tenemos m\u00e1s<br \/>\nacceso para los usuarios. Las personas tambi\u00e9n pueden entrar con sus coches -las<br \/>\nmam\u00e1s-, entonces tenemos mayor accesibilidad para todos los usuarios que<br \/>\nvienen, aqu\u00ed, a sus vacunas\u201d.<\/p>\n<p>Los trabajos fueron llevados a cabo en los CESFAM Norte, Nuevo Horizonte, Dos<br \/>\nde Septiembre, Entre R\u00edos, Nororiente y Rural Santa Fe. El CESFAM Sur, debido a<br \/>\nlas complejidades y limitaciones estructurales que presenta actualmente, ser\u00e1<br \/>\nintervenido en el mediano plazo, en una fecha a determinar.<br \/>\nSE AGRADECE DIFUSI\u00d3N<\/p>\n","protected":false},"excerpt":{"rendered":"<p>Gracias a un proyecto liderado por las unidades de Gesti\u00f3n Cl\u00ednica y Seguridad del Paciente y Desarrollo y Mantenci\u00f3n de la Infraestructura (DMI) de la Direcci\u00f3n Comunal de Salud los vacunatorios de la mayor\u00eda de los CESFAM de Los \u00c1ngeles fueron sometidos a renovaci\u00f3n en los \u00faltimos meses. Las adecuaciones realizadas han permitido contar con [&hellip;]<\/p>\n","protected":false},"author":1,"featured_media":443,"comment_status":"closed","ping_status":"closed","sticky":false,"template":"","format":"image","meta":{"footnotes":""},"categories":[2],"tags":[],"class_list":["post-442","post","type-post","status-publish","format-image","has-post-thumbnail","hentry","category-noticias","post_format-post-format-image"],"_links":{"self":[{"href":"https:\/\/radioaraucania.cl\/index.php?rest_route=\/wp\/v2\/posts\/442","targetHints":{"allow":["GET"]}}],"collection":[{"href":"https:\/\/radioaraucania.cl\/index.php?rest_route=\/wp\/v2\/posts"}],"about":[{"href":"https:\/\/radioaraucania.cl\/index.php?rest_route=\/wp\/v2\/types\/post"}],"author":[{"embeddable":true,"href":"https:\/\/radioaraucania.cl\/index.php?rest_route=\/wp\/v2\/users\/1"}],"replies":[{"embeddable":true,"href":"https:\/\/radioaraucania.cl\/index.php?rest_route=%2Fwp%2Fv2%2Fcomments&post=442"}],"version-history":[{"count":1,"href":"https:\/\/radioaraucania.cl\/index.php?rest_route=\/wp\/v2\/posts\/442\/revisions"}],"predecessor-version":[{"id":444,"href":"https:\/\/radioaraucania.cl\/index.php?rest_route=\/wp\/v2\/posts\/442\/revisions\/444"}],"wp:featuredmedia":[{"embeddable":true,"href":"https:\/\/radioaraucania.cl\/index.php?rest_route=\/wp\/v2\/media\/443"}],"wp:attachment":[{"href":"https:\/\/radioaraucania.cl\/index.php?rest_route=%2Fwp%2Fv2%2Fmedia&parent=442"}],"wp:term":[{"taxonomy":"category","embeddable":true,"href":"https:\/\/radioaraucania.cl\/index.php?rest_route=%2Fwp%2Fv2%2Fcategories&post=442"},{"taxonomy":"post_tag","embeddable":true,"href":"https:\/\/radioaraucania.cl\/index.php?rest_route=%2Fwp%2Fv2%2Ftags&post=442"}],"curies":[{"name":"wp","href":"https:\/\/api.w.org\/{rel}","templated":true}]}}