{"id":427,"date":"2025-05-18T11:01:53","date_gmt":"2025-05-18T15:01:53","guid":{"rendered":"https:\/\/radioaraucania.cl\/?p=427"},"modified":"2025-05-18T11:01:53","modified_gmt":"2025-05-18T15:01:53","slug":"todo-un-pais-aun-llora-a-los-martires-de-antuco","status":"publish","type":"post","link":"https:\/\/radioaraucania.cl\/?p=427","title":{"rendered":"TODO UN PA\u00cdS A\u00daN LLORA A LOS M\u00c1RTIRES DE ANTUCO"},"content":{"rendered":"<p>CR\u00d3NICA | TODO UN PA\u00cdS A\u00daN LLORA A LOS M\u00c1RTIRES DE ANTUCO<\/p>\n<p>Han pasado ya 20 a\u00f1os desde que el fr\u00edo y el dolor se instalaron para siempre en el coraz\u00f3n de Chile. Dos d\u00e9cadas desde que la nieve de la alta cordillera no s\u00f3lo cubri\u00f3 los pasos de una marcha militar, sino que tambi\u00e9n sepult\u00f3 las esperanzas, los sue\u00f1os y la vida de 45 compatriotas: 44 soldados conscriptos y un suboficial del Ej\u00e9rcito de Chile, integrantes del Regimiento Reforzado de Monta\u00f1a N\u00b0 17 de Los \u00c1ngeles.<\/p>\n<p>Eran j\u00f3venes en su mayor\u00eda, hijos de familias humildes, de comunas como Laja, Yumbel, Santa B\u00e1rbara, Nacimiento, Mulch\u00e9n, Tucapel, entre otras de la provincia del Biob\u00edo. Muchachos con el uniforme todav\u00eda nuevo, el alma limpia y la vocaci\u00f3n naciente, que salieron a cumplir con su deber, sin saber que ese 18 de mayo del a\u00f1o 2005 el destino les marcar\u00eda una p\u00e1gina dolorosa e imborrable en la historia militar y civil del pa\u00eds.<\/p>\n<p>Aquel d\u00eda, una marcha de instrucci\u00f3n en condiciones clim\u00e1ticas extremas, mal planificada y peor ejecutada, termin\u00f3 por convertirse en una tragedia nacional. La cordillera fue implacable. El viento, la nieve, el fr\u00edo insoportable. Y sin el equipamiento adecuado, los j\u00f3venes fueron cayendo uno a uno en medio de la tormenta, buscando sin \u00e9xito el refugio prometido. La naturaleza cobr\u00f3 su precio, pero el error humano hizo el resto.<\/p>\n<p>Desde entonces, cada a\u00f1o, cuando se acerca esta fecha, un silencio profundo recorre las calles de las comunas de origen de los m\u00e1rtires. El pa\u00eds entero los recuerda, no como v\u00edctimas, sino como h\u00e9roes de la paz. Porque no cayeron en combate, pero cayeron sirviendo a su patria. Porque dieron su vida en tiempos de paz, demostrando que el amor por Chile tambi\u00e9n se mide en el sacrificio callado y en la entrega sin condiciones.<\/p>\n<p>Las familias a\u00fan lloran. El abrazo ausente, el llamado que nunca lleg\u00f3, la cena que qued\u00f3 servida esperando a un hijo que ya no regresar\u00e1. Y sin embargo, en medio del dolor, hay orgullo. Orgullo por esos j\u00f3venes valientes que enfrentaron la adversidad sin abandonar a sus compa\u00f1eros. Orgullo por sus nombres, que hoy se leen en placas conmemorativas, en plazas, en actos solemnes, en altares familiares.<\/p>\n<p>Chile los honra, pero sobre todo los recuerda. No hay olvido posible cuando el coraz\u00f3n de un pa\u00eds late al ritmo del recuerdo. La tragedia de Antuco fue un antes y un despu\u00e9s para el Ej\u00e9rcito y para la sociedad. Cambiaron los protocolos, se endurecieron las medidas de seguridad, se revisaron procedimientos. Pero ninguna medida devolver\u00e1 las vidas que se perdieron aquella jornada.<\/p>\n<p>Hoy, veinte a\u00f1os despu\u00e9s, el homenaje sigue siendo tan necesario como entonces. Porque la memoria es lo \u00fanico que nos mantiene unidos a ellos. Y porque su partida no fue en vano.<\/p>\n<p>No se trata de celebrar, se trata de conmemorar.<br \/>\nSe trata de mirar al cielo, de decir sus nombres en voz alta, de llevar flores a los memoriales, de abrazar a sus madres, padres y hermanos.<br \/>\nY de recordar que, aunque el viento borr\u00f3 sus huellas, su historia sigue escrita con letras de honor en el alma de Chile.<\/p>\n","protected":false},"excerpt":{"rendered":"<p>CR\u00d3NICA | TODO UN PA\u00cdS A\u00daN LLORA A LOS M\u00c1RTIRES DE ANTUCO Han pasado ya 20 a\u00f1os desde que el fr\u00edo y el dolor se instalaron para siempre en el coraz\u00f3n de Chile. Dos d\u00e9cadas desde que la nieve de la alta cordillera no s\u00f3lo cubri\u00f3 los pasos de una marcha militar, sino que tambi\u00e9n [&hellip;]<\/p>\n","protected":false},"author":1,"featured_media":428,"comment_status":"closed","ping_status":"closed","sticky":false,"template":"","format":"image","meta":{"footnotes":""},"categories":[2],"tags":[],"class_list":["post-427","post","type-post","status-publish","format-image","has-post-thumbnail","hentry","category-noticias","post_format-post-format-image"],"_links":{"self":[{"href":"https:\/\/radioaraucania.cl\/index.php?rest_route=\/wp\/v2\/posts\/427","targetHints":{"allow":["GET"]}}],"collection":[{"href":"https:\/\/radioaraucania.cl\/index.php?rest_route=\/wp\/v2\/posts"}],"about":[{"href":"https:\/\/radioaraucania.cl\/index.php?rest_route=\/wp\/v2\/types\/post"}],"author":[{"embeddable":true,"href":"https:\/\/radioaraucania.cl\/index.php?rest_route=\/wp\/v2\/users\/1"}],"replies":[{"embeddable":true,"href":"https:\/\/radioaraucania.cl\/index.php?rest_route=%2Fwp%2Fv2%2Fcomments&post=427"}],"version-history":[{"count":1,"href":"https:\/\/radioaraucania.cl\/index.php?rest_route=\/wp\/v2\/posts\/427\/revisions"}],"predecessor-version":[{"id":429,"href":"https:\/\/radioaraucania.cl\/index.php?rest_route=\/wp\/v2\/posts\/427\/revisions\/429"}],"wp:featuredmedia":[{"embeddable":true,"href":"https:\/\/radioaraucania.cl\/index.php?rest_route=\/wp\/v2\/media\/428"}],"wp:attachment":[{"href":"https:\/\/radioaraucania.cl\/index.php?rest_route=%2Fwp%2Fv2%2Fmedia&parent=427"}],"wp:term":[{"taxonomy":"category","embeddable":true,"href":"https:\/\/radioaraucania.cl\/index.php?rest_route=%2Fwp%2Fv2%2Fcategories&post=427"},{"taxonomy":"post_tag","embeddable":true,"href":"https:\/\/radioaraucania.cl\/index.php?rest_route=%2Fwp%2Fv2%2Ftags&post=427"}],"curies":[{"name":"wp","href":"https:\/\/api.w.org\/{rel}","templated":true}]}}