{"id":419,"date":"2025-05-12T21:14:07","date_gmt":"2025-05-13T01:14:07","guid":{"rendered":"https:\/\/radioaraucania.cl\/?p=419"},"modified":"2025-05-12T21:14:07","modified_gmt":"2025-05-13T01:14:07","slug":"caso-pro-cultura-involucraria-al-presidente-boric-agencia-orbe","status":"publish","type":"post","link":"https:\/\/radioaraucania.cl\/?p=419","title":{"rendered":"CASO \u00abPRO CULTURA\u00bb INVOLUCRARIA AL PRESIDENTE BORIC (Agencia ORBE)"},"content":{"rendered":"<p>SANTAGO.- El caso ProCultura, una de las principales aristas<br \/>\ndel denominado caso Convenios o L\u00edos de Plata, volvi\u00f3 a estar<br \/>\nen la palestra luego de que se dieran a conocer<br \/>\nconversaciones que involucran al Presidente Gabriel Boric.<br \/>\nCon este nuevo dato sobre la mesa, las diferentes<br \/>\ncolectividades pol\u00edticas comenzaron a tomar postura.<\/p>\n<p>SANTAGO.- El Frente Amplio, partido del Mandatario, descart\u00f3<br \/>\nv\u00ednculos con la fundaci\u00f3n y acus\u00f3 que las interceptaciones<br \/>\nresponden a \u201cuna estrategia de espionaje con fines<br \/>\npol\u00edticos\u201d. En tanto, el Jefe de Estado mantuvo su posici\u00f3n<br \/>\nde confiar en las instituciones. \u00abCaiga quien caiga, que se<br \/>\ninvestigue todo lo que haya que investigarse\u201d, dijo desde su<br \/>\ngira por Asia.<\/p>\n<p>SANTAGO.- Mientras, este lunes otra de las l\u00edderes del<br \/>\noficialismo, Paulina Vodanovic, timonel del Partido<br \/>\nSocialist, tom\u00f3 distancia del FA y del PC, aline\u00e1ndose de<br \/>\nesta manera con lo dicho por el Presidente.<br \/>\n\u201cCreo que cuando hay investigaciones en curso, uno tiene que<br \/>\nser sumamente cuidadoso respecto de eso. Hay que respetar la<br \/>\ninstitucionalidad. Yo he sido fuerte e insistente en esto. En<br \/>\ntodos los casos judiciales, independientemente de quienes<br \/>\nsean\u201d, dijo.<\/p>\n<p>SANTAGO.- La personera q\u00f1qdi\u00f3 que, \u201cCreo que no podemos<br \/>\nnosotros, desde la pol\u00edtica, desvirtuar la institucionalidad.<br \/>\nPor lo tanto, hay que ser respetuosos de eso. Las<br \/>\ncalificaciones de espionaje, no s\u00e9 c\u00f3mo llam\u00f3 el Partido<br \/>\nComunista, tambi\u00e9n el sello del activismo judicial, yo creo<br \/>\nque finalmente le hacen muy mal a nuestro pa\u00eds\u201d, agreg\u00f3.<\/p>\n<p>ANTOFAGASTA.- Un recorri<\/p>\n","protected":false},"excerpt":{"rendered":"<p>SANTAGO.- El caso ProCultura, una de las principales aristas del denominado caso Convenios o L\u00edos de Plata, volvi\u00f3 a estar en la palestra luego de que se dieran a conocer conversaciones que involucran al Presidente Gabriel Boric. Con este nuevo dato sobre la mesa, las diferentes colectividades pol\u00edticas comenzaron a tomar postura. SANTAGO.- El Frente [&hellip;]<\/p>\n","protected":false},"author":1,"featured_media":420,"comment_status":"closed","ping_status":"closed","sticky":false,"template":"","format":"image","meta":{"footnotes":""},"categories":[2],"tags":[],"class_list":["post-419","post","type-post","status-publish","format-image","has-post-thumbnail","hentry","category-noticias","post_format-post-format-image"],"_links":{"self":[{"href":"https:\/\/radioaraucania.cl\/index.php?rest_route=\/wp\/v2\/posts\/419","targetHints":{"allow":["GET"]}}],"collection":[{"href":"https:\/\/radioaraucania.cl\/index.php?rest_route=\/wp\/v2\/posts"}],"about":[{"href":"https:\/\/radioaraucania.cl\/index.php?rest_route=\/wp\/v2\/types\/post"}],"author":[{"embeddable":true,"href":"https:\/\/radioaraucania.cl\/index.php?rest_route=\/wp\/v2\/users\/1"}],"replies":[{"embeddable":true,"href":"https:\/\/radioaraucania.cl\/index.php?rest_route=%2Fwp%2Fv2%2Fcomments&post=419"}],"version-history":[{"count":1,"href":"https:\/\/radioaraucania.cl\/index.php?rest_route=\/wp\/v2\/posts\/419\/revisions"}],"predecessor-version":[{"id":421,"href":"https:\/\/radioaraucania.cl\/index.php?rest_route=\/wp\/v2\/posts\/419\/revisions\/421"}],"wp:featuredmedia":[{"embeddable":true,"href":"https:\/\/radioaraucania.cl\/index.php?rest_route=\/wp\/v2\/media\/420"}],"wp:attachment":[{"href":"https:\/\/radioaraucania.cl\/index.php?rest_route=%2Fwp%2Fv2%2Fmedia&parent=419"}],"wp:term":[{"taxonomy":"category","embeddable":true,"href":"https:\/\/radioaraucania.cl\/index.php?rest_route=%2Fwp%2Fv2%2Fcategories&post=419"},{"taxonomy":"post_tag","embeddable":true,"href":"https:\/\/radioaraucania.cl\/index.php?rest_route=%2Fwp%2Fv2%2Ftags&post=419"}],"curies":[{"name":"wp","href":"https:\/\/api.w.org\/{rel}","templated":true}]}}