{"id":416,"date":"2025-05-12T21:02:24","date_gmt":"2025-05-13T01:02:24","guid":{"rendered":"https:\/\/radioaraucania.cl\/?p=416"},"modified":"2025-05-12T21:02:24","modified_gmt":"2025-05-13T01:02:24","slug":"enfermeras-y-enfermeros-de-los-angeles-celebraron-su-dia-internacional","status":"publish","type":"post","link":"https:\/\/radioaraucania.cl\/?p=416","title":{"rendered":"ENFERMERAS Y ENFERMEROS  DE LOS \u00c1NGELES CELEBRARON SU D\u00cdA INTERNACIONAL"},"content":{"rendered":"<p>Junto a autoridades locales, directores de CESFAM e invitados especiales, las<br \/>\nenfermeras y enfermeros de la Atenci\u00f3n Primaria de Salud de Los \u00c1ngeles<br \/>\nllevaron a cabo, en la presente jornada, la celebraci\u00f3n oficial de su d\u00eda<br \/>\ninternacional, festejo que reuni\u00f3 a casi 60 funcionarias y funcionarios.<br \/>\nEdgardo Covili, enfermero del CESFAM Dos de Septiembre con m\u00e1s de 4 d\u00e9cadas<br \/>\nde labor y que este 2025 se acoger\u00e1 a retiro, recibi\u00f3 un emotivo reconocimiento<br \/>\ny agradecimiento de sus pares, por el trabajo realizado.\u00a0<br \/>\n\u201cYo que estoy llegando al final de mi trabajo aporto con algo de experiencia para<br \/>\nlas personas m\u00e1s j\u00f3venes y, en conjunto, hacemos la labor importante para la<br \/>\ncomunidad, para los pacientes que acuden todos los d\u00edas a nuestro lugar de<br \/>\ntrabajo. Cuarenta a\u00f1os atr\u00e1s era un poco distinto a lo que es hoy d\u00eda, a lo que se<br \/>\nhace hoy d\u00eda, las exigencias son mucho mayores; entonces, a trav\u00e9s de todo este<br \/>\ntiempo, he podido apreciar los cambios que ha habido, la evoluci\u00f3n que ha<br \/>\nhabido en nuestro trabajo d\u00eda a d\u00eda\u201d.<br \/>\nGRAN LABOR<br \/>\nTodos los presentes concordaron en el rol fundamental que cumplen estos<br \/>\nprofesionales en los establecimientos que forman parte de la red de Atenci\u00f3n<br \/>\nPrimaria de Salud.<br \/>\nRa\u00fal Fuentes, alcalde subrogante de Los \u00c1ngeles, plante\u00f3 como necesario<br \/>\n\u201creconocer la gran labor que ellas realizan d\u00eda a d\u00eda, de entregar parte de su vida<br \/>\nal cuidado de los dem\u00e1s as\u00ed que, eso en primer lugar, reconocer esa loable labor<br \/>\nque realizan en el cuidado de los dem\u00e1s. As\u00ed que, felicitarlas en este contexto<br \/>\ndel aniversario de enfermer\u00eda y que sigamos trabajando en conjunto, yo creo que<br \/>\nla labor de ellas hace m\u00e1s grande a la comuna de Los \u00c1ngeles\u201d.<br \/>\nFelipe Montero, encargado comunal de Salud, a\u00f1adi\u00f3 que \u201clos profesionales de<br \/>\nenfermer\u00eda -actualmente, alrededor de 150 en nuestra comuna- ejercen una<\/p>\n<p>labor esencial dentro de la Atenci\u00f3n Primaria de Salud para nuestros usuarios de<br \/>\nLos \u00c1ngeles. Ellos son la cara visible, esencial de nuestra atenci\u00f3n de salud y en<br \/>\nellas, en sus manos, est\u00e1 el aliviar el dolor, el cuidado y el poder generar<br \/>\ndiferentes tipos de funciones dentro de la salud primaria\u201d.<br \/>\nArmenia Campos, vicepresidenta del estamento de enfermeras y enfermeros de<br \/>\nsalud comunal, cerr\u00f3 indicando que \u201cel mensaje m\u00e1s lindo es dar el cari\u00f1o, la<br \/>\nfraternidad a los usuarios. Nuestro lema es entregar todo lo m\u00e1s que se pueda en<br \/>\nel servicio de salud en atenci\u00f3n primaria; ser siempre cordial con los usuarios,<br \/>\ntener la amabilidad, el carisma que siempre nos representa como enfermeras\u201d.<br \/>\nEn el evento fueron homenajeados tambi\u00e9n, por su destacada trayectoria al<br \/>\nservicio de sus comunidades, Sergio Benavides, V\u00edctor Hugo Mu\u00f1oz, Carolina<br \/>\nArroyo y Lucy Jure.<\/p>\n<p>SE AGRADECE DIFUSI\u00d3N<\/p>\n","protected":false},"excerpt":{"rendered":"<p>Junto a autoridades locales, directores de CESFAM e invitados especiales, las enfermeras y enfermeros de la Atenci\u00f3n Primaria de Salud de Los \u00c1ngeles llevaron a cabo, en la presente jornada, la celebraci\u00f3n oficial de su d\u00eda internacional, festejo que reuni\u00f3 a casi 60 funcionarias y funcionarios. Edgardo Covili, enfermero del CESFAM Dos de Septiembre con [&hellip;]<\/p>\n","protected":false},"author":1,"featured_media":417,"comment_status":"closed","ping_status":"closed","sticky":false,"template":"","format":"image","meta":{"footnotes":""},"categories":[2],"tags":[],"class_list":["post-416","post","type-post","status-publish","format-image","has-post-thumbnail","hentry","category-noticias","post_format-post-format-image"],"_links":{"self":[{"href":"https:\/\/radioaraucania.cl\/index.php?rest_route=\/wp\/v2\/posts\/416","targetHints":{"allow":["GET"]}}],"collection":[{"href":"https:\/\/radioaraucania.cl\/index.php?rest_route=\/wp\/v2\/posts"}],"about":[{"href":"https:\/\/radioaraucania.cl\/index.php?rest_route=\/wp\/v2\/types\/post"}],"author":[{"embeddable":true,"href":"https:\/\/radioaraucania.cl\/index.php?rest_route=\/wp\/v2\/users\/1"}],"replies":[{"embeddable":true,"href":"https:\/\/radioaraucania.cl\/index.php?rest_route=%2Fwp%2Fv2%2Fcomments&post=416"}],"version-history":[{"count":1,"href":"https:\/\/radioaraucania.cl\/index.php?rest_route=\/wp\/v2\/posts\/416\/revisions"}],"predecessor-version":[{"id":418,"href":"https:\/\/radioaraucania.cl\/index.php?rest_route=\/wp\/v2\/posts\/416\/revisions\/418"}],"wp:featuredmedia":[{"embeddable":true,"href":"https:\/\/radioaraucania.cl\/index.php?rest_route=\/wp\/v2\/media\/417"}],"wp:attachment":[{"href":"https:\/\/radioaraucania.cl\/index.php?rest_route=%2Fwp%2Fv2%2Fmedia&parent=416"}],"wp:term":[{"taxonomy":"category","embeddable":true,"href":"https:\/\/radioaraucania.cl\/index.php?rest_route=%2Fwp%2Fv2%2Fcategories&post=416"},{"taxonomy":"post_tag","embeddable":true,"href":"https:\/\/radioaraucania.cl\/index.php?rest_route=%2Fwp%2Fv2%2Ftags&post=416"}],"curies":[{"name":"wp","href":"https:\/\/api.w.org\/{rel}","templated":true}]}}