{"id":387,"date":"2025-04-24T14:33:10","date_gmt":"2025-04-24T18:33:10","guid":{"rendered":"https:\/\/radioaraucania.cl\/?p=387"},"modified":"2025-04-24T14:33:10","modified_gmt":"2025-04-24T18:33:10","slug":"diocesis-local-invita-a-misa-exequial-por-el-papa-francisco-este-sabado","status":"publish","type":"post","link":"https:\/\/radioaraucania.cl\/?p=387","title":{"rendered":"DIOCESIS LOCAL INVITA A MISA EXEQUIAL POR EL PAPA FRANCISCO ESTE S\u00c1BADO"},"content":{"rendered":"<p>Di\u00f3cesis Santa Mar\u00eda de Los \u00c1ngeles invita a misa exequial<br \/>\npor el Papa Francisco este s\u00e1bado<br \/>\nMonse\u00f1or Cristi\u00e1n Castro, Obispo Diocesano, inform\u00f3 que la misa se realizar\u00e1 en<br \/>\nla Catedral a las 11:30 horas, en sinton\u00eda con la ceremonia oficial desde el<br \/>\nVaticano. Las parroquias podr\u00e1n celebrar eucarist\u00edas durante un novenario previo<br \/>\nal c\u00f3nclave.<\/p>\n<p>Los \u00c1ngeles 24 de abril 2025.- La Di\u00f3cesis Santa Mar\u00eda de Los \u00c1ngeles ha<br \/>\nanunciado la realizaci\u00f3n de una misa exequial en memoria del Papa Francisco,<br \/>\nquien ha fallecido recientemente. Seg\u00fan confirm\u00f3 Monse\u00f1or Cristi\u00e1n Castro,<br \/>\nObispo Diocesano, esta celebraci\u00f3n tendr\u00e1 lugar el s\u00e1bado 26 de abril a las 11:30<br \/>\nhoras en el Templo Catedral de Los \u00c1ngeles.<br \/>\nEsta eucarist\u00eda se llevar\u00e1 a cabo en paralelo a la misa oficial de exequias que se<br \/>\nrealizar\u00e1 en la Plaza San Pedro, en la Santa Sede, ese mismo d\u00eda a las 10:00 horas<br \/>\nde Roma (04:00 horas en Chile).<br \/>\nMonse\u00f1or Castro tambi\u00e9n indic\u00f3 que, tras esta ceremonia principal, las distintas<br \/>\nparroquias y comunidades de la di\u00f3cesis est\u00e1n autorizadas para celebrar<br \/>\neucarist\u00edas conmemorativas durante los d\u00edas siguientes, en lo que se conoce como<br \/>\nel \u201cnovenario de eucarist\u00edas\u201d. Este periodo lit\u00fargico se extiende hasta que se<br \/>\nconvoque oficialmente el c\u00f3nclave que elegir\u00e1 al nuevo pont\u00edfice.<br \/>\n\u00abQueremos invitar a toda la comunidad a unirse en oraci\u00f3n por el alma del Santo<br \/>\nPadre, participando de esta celebraci\u00f3n diocesana y de las misas que se realizar\u00e1n<\/p>\n","protected":false},"excerpt":{"rendered":"<p>Di\u00f3cesis Santa Mar\u00eda de Los \u00c1ngeles invita a misa exequial por el Papa Francisco este s\u00e1bado Monse\u00f1or Cristi\u00e1n Castro, Obispo Diocesano, inform\u00f3 que la misa se realizar\u00e1 en la Catedral a las 11:30 horas, en sinton\u00eda con la ceremonia oficial desde el Vaticano. Las parroquias podr\u00e1n celebrar eucarist\u00edas durante un novenario previo al c\u00f3nclave. Los [&hellip;]<\/p>\n","protected":false},"author":1,"featured_media":388,"comment_status":"closed","ping_status":"closed","sticky":false,"template":"","format":"image","meta":{"footnotes":""},"categories":[2],"tags":[],"class_list":["post-387","post","type-post","status-publish","format-image","has-post-thumbnail","hentry","category-noticias","post_format-post-format-image"],"_links":{"self":[{"href":"https:\/\/radioaraucania.cl\/index.php?rest_route=\/wp\/v2\/posts\/387","targetHints":{"allow":["GET"]}}],"collection":[{"href":"https:\/\/radioaraucania.cl\/index.php?rest_route=\/wp\/v2\/posts"}],"about":[{"href":"https:\/\/radioaraucania.cl\/index.php?rest_route=\/wp\/v2\/types\/post"}],"author":[{"embeddable":true,"href":"https:\/\/radioaraucania.cl\/index.php?rest_route=\/wp\/v2\/users\/1"}],"replies":[{"embeddable":true,"href":"https:\/\/radioaraucania.cl\/index.php?rest_route=%2Fwp%2Fv2%2Fcomments&post=387"}],"version-history":[{"count":1,"href":"https:\/\/radioaraucania.cl\/index.php?rest_route=\/wp\/v2\/posts\/387\/revisions"}],"predecessor-version":[{"id":389,"href":"https:\/\/radioaraucania.cl\/index.php?rest_route=\/wp\/v2\/posts\/387\/revisions\/389"}],"wp:featuredmedia":[{"embeddable":true,"href":"https:\/\/radioaraucania.cl\/index.php?rest_route=\/wp\/v2\/media\/388"}],"wp:attachment":[{"href":"https:\/\/radioaraucania.cl\/index.php?rest_route=%2Fwp%2Fv2%2Fmedia&parent=387"}],"wp:term":[{"taxonomy":"category","embeddable":true,"href":"https:\/\/radioaraucania.cl\/index.php?rest_route=%2Fwp%2Fv2%2Fcategories&post=387"},{"taxonomy":"post_tag","embeddable":true,"href":"https:\/\/radioaraucania.cl\/index.php?rest_route=%2Fwp%2Fv2%2Ftags&post=387"}],"curies":[{"name":"wp","href":"https:\/\/api.w.org\/{rel}","templated":true}]}}