{"id":383,"date":"2025-04-22T13:16:39","date_gmt":"2025-04-22T17:16:39","guid":{"rendered":"https:\/\/radioaraucania.cl\/?p=383"},"modified":"2025-04-22T13:16:39","modified_gmt":"2025-04-22T17:16:39","slug":"evelyn-matthei-propone-construir-carcel-de-maxima-seguridad-en-copiapo","status":"publish","type":"post","link":"https:\/\/radioaraucania.cl\/?p=383","title":{"rendered":"EVELYN MATTHEI PROPONE CONSTRUIR C\u00c1RCEL DE M\u00c1XIMA SEGURIDAD EN COPIAP\u00d3"},"content":{"rendered":"<p>Evelyn Matthei propone construcci\u00f3n de nueva c\u00e1rcel de<br \/>\nm\u00e1xima seguridad en las afueras de Copiap\u00f3: \u201cVamos a<br \/>\naislar al crimen organizado para debilitarlo y vencerlo\u201d<\/p>\n<p>\u2022 La nueva prisi\u00f3n busca aislar a las mafias y bandas criminales con un estricto<br \/>\nsistema de reclusi\u00f3n inspirado en modelos severos de confinamiento como en El<br \/>\nSalvador e Italia.<\/p>\n<p>\u2022 La propuesta forma parte del Plan Integral Penitenciario, que considera la<br \/>\nconstrucci\u00f3n de cinco c\u00e1rceles, la creaci\u00f3n de 32 mil nuevas plazas en las prisiones<br \/>\ny la expulsi\u00f3n de 3 mil reos extranjeros.<\/p>\n<p>22 de abril de 2025<\/p>\n<p>La candidata presidencial Evelyn Matthei visit\u00f3 este martes la Regi\u00f3n de Atacama y<br \/>\npropuso la construcci\u00f3n de una c\u00e1rcel de alta seguridad en las afueras de la ciudad de<br \/>\nCopiap\u00f3, una iniciativa que busca combatir al crimen organizado aislando a los jefes<br \/>\nde las bandas y despoj\u00e1ndolos de su poder econ\u00f3mico.<br \/>\nLa nueva c\u00e1rcel se ubicar\u00e1 en el mismo terreno donde se construir\u00e1 la prisi\u00f3n de El<br \/>\nArenal, a 43 km de la ciudad de Copiap\u00f3. El centro penitenciario, actualmente en<br \/>\nproceso de licitaci\u00f3n, tiene capacidad para 2.160 presos y se espera que est\u00e9 lista para<br \/>\n2031.<br \/>\nPero de las 800 hect\u00e1reas que tendr\u00e1 solamente se ocupar\u00e1n 150. Por eso, se propone<br \/>\nutilizar el terreno restante para una nueva c\u00e1rcel de alta seguridad, donde los jefes del<br \/>\ncrimen organizado estar\u00e1n aislados, pr\u00e1cticamente sin visitas, con un grupo nuevo de<br \/>\ngendarmes de \u00e9lite, siguiendo el ejemplo de modelos exitosos y duros como Italia y El<br \/>\nSalvador.<br \/>\n\u201cChile enfrenta una crisis penitenciaria marcada por el hacinamiento, la falta de<br \/>\ninfraestructura moderna y la creciente gobernanza criminal al interior de los penales.<br \/>\nLa lentitud en la ejecuci\u00f3n de proyectos y la excesiva tramitaci\u00f3n administrativa han<br \/>\ncontribuido directamente al agravamiento del problema\u201d, dijo Matthei acompa\u00f1ada<\/p>\n<p>por el senador Rafael Prohens tras visitar el lugar propuesto para la construcci\u00f3n de la<br \/>\nnueva c\u00e1rcel.<br \/>\n\u201cNo podemos seguir mirando hacia el lado mientras las c\u00e1rceles se transforman en<br \/>\nverdaderos centros de operaci\u00f3n del crimen organizado. Nuestro norte es claro:<br \/>\nconstruiremos m\u00e1s c\u00e1rceles, con mejor infraestructura y tecnolog\u00eda, para recuperar el<br \/>\ncontrol total y detener el avance del crimen organizado\u201d, agreg\u00f3.<br \/>\nLa nueva c\u00e1rcel debe acelerar su construcci\u00f3n en plazos extraordinarios, dada la<br \/>\nurgencia de seguridad p\u00fablica que enfrenta el pa\u00eds. Se propone una construcci\u00f3n<br \/>\nindustrializada con dise\u00f1os estandarizados que faciliten su r\u00e9plica a nivel nacional.<br \/>\nAdem\u00e1s, se propondr\u00e1 una ejecuci\u00f3n acelerada mediante un proceso de fast-track,<br \/>\npriorizando esta obra y coordinando desde la Presidencia los esfuerzos para remover<br \/>\ncuellos de botella regulatorios y presupuestarios.<br \/>\n\u00abAl crimen organizado lo vamos a enfrentar con coraje y con toda la fuerza. Tendr\u00e9<br \/>\nmano de hierro y no voy a descansar hasta verlos tras las rejas y quitarles todo su poder<br \/>\necon\u00f3mico y territorial\u00bb, dijo Matthei.<br \/>\nEl recinto contar\u00e1 con gendarmes mejor pagados, con protecci\u00f3n de identidad y que<br \/>\nse someter\u00e1n a estrictos controles para prevenir la corrupci\u00f3n.<br \/>\nEn diciembre, Matthei present\u00f3 su Plan Integral Penitenciario, que considera la<br \/>\nconstrucci\u00f3n de cinco nuevas c\u00e1rceles y la creaci\u00f3n de 32 mil nuevas plazas en<br \/>\nrecintos penitenciarios, adem\u00e1s de la expulsi\u00f3n de 3 mil reos extranjeros y un plan de<br \/>\naislamiento severo para los jefes de las bandas del crimen organizado.<br \/>\n\u201cEs el momento de la experiencia, con personas capaces, con equipos preparados y<br \/>\ncon un plan\u201d, concluy\u00f3 Matthei.<\/p>\n","protected":false},"excerpt":{"rendered":"<p>Evelyn Matthei propone construcci\u00f3n de nueva c\u00e1rcel de m\u00e1xima seguridad en las afueras de Copiap\u00f3: \u201cVamos a aislar al crimen organizado para debilitarlo y vencerlo\u201d \u2022 La nueva prisi\u00f3n busca aislar a las mafias y bandas criminales con un estricto sistema de reclusi\u00f3n inspirado en modelos severos de confinamiento como en El Salvador e Italia. [&hellip;]<\/p>\n","protected":false},"author":1,"featured_media":384,"comment_status":"closed","ping_status":"closed","sticky":false,"template":"","format":"image","meta":{"footnotes":""},"categories":[2],"tags":[],"class_list":["post-383","post","type-post","status-publish","format-image","has-post-thumbnail","hentry","category-noticias","post_format-post-format-image"],"_links":{"self":[{"href":"https:\/\/radioaraucania.cl\/index.php?rest_route=\/wp\/v2\/posts\/383","targetHints":{"allow":["GET"]}}],"collection":[{"href":"https:\/\/radioaraucania.cl\/index.php?rest_route=\/wp\/v2\/posts"}],"about":[{"href":"https:\/\/radioaraucania.cl\/index.php?rest_route=\/wp\/v2\/types\/post"}],"author":[{"embeddable":true,"href":"https:\/\/radioaraucania.cl\/index.php?rest_route=\/wp\/v2\/users\/1"}],"replies":[{"embeddable":true,"href":"https:\/\/radioaraucania.cl\/index.php?rest_route=%2Fwp%2Fv2%2Fcomments&post=383"}],"version-history":[{"count":1,"href":"https:\/\/radioaraucania.cl\/index.php?rest_route=\/wp\/v2\/posts\/383\/revisions"}],"predecessor-version":[{"id":385,"href":"https:\/\/radioaraucania.cl\/index.php?rest_route=\/wp\/v2\/posts\/383\/revisions\/385"}],"wp:featuredmedia":[{"embeddable":true,"href":"https:\/\/radioaraucania.cl\/index.php?rest_route=\/wp\/v2\/media\/384"}],"wp:attachment":[{"href":"https:\/\/radioaraucania.cl\/index.php?rest_route=%2Fwp%2Fv2%2Fmedia&parent=383"}],"wp:term":[{"taxonomy":"category","embeddable":true,"href":"https:\/\/radioaraucania.cl\/index.php?rest_route=%2Fwp%2Fv2%2Fcategories&post=383"},{"taxonomy":"post_tag","embeddable":true,"href":"https:\/\/radioaraucania.cl\/index.php?rest_route=%2Fwp%2Fv2%2Ftags&post=383"}],"curies":[{"name":"wp","href":"https:\/\/api.w.org\/{rel}","templated":true}]}}