{"id":362,"date":"2025-03-18T11:45:01","date_gmt":"2025-03-18T15:45:01","guid":{"rendered":"https:\/\/radioaraucania.cl\/?p=362"},"modified":"2025-03-18T11:45:01","modified_gmt":"2025-03-18T15:45:01","slug":"quilaco-en-los-cuatro-grandes-de-la-copa-internacional-pichachen-2025","status":"publish","type":"post","link":"https:\/\/radioaraucania.cl\/?p=362","title":{"rendered":"Quilaco en los Cuatro Grandes de la Copa Internacional Pichachen 2025"},"content":{"rendered":"<p>Una vez m\u00e1s, nuestra querida comuna se hace presente en el \u00e1mbito deportivo internacional gracias al esfuerzo y dedicaci\u00f3n del Club Deportivo Estrella de Rucalhue. Los representantes de Quilaco viajaron hasta la localidad de El Cholar, Argentina, para participar en la Copa Internacional Pichachen, en su 31\u00aa edici\u00f3n, que este a\u00f1o reuni\u00f3 a equipos de ambos pa\u00edses.<\/p>\n<p>El largo viaje no fue obst\u00e1culo para los deportistas quilaquinos, quienes, con garra y determinaci\u00f3n, dieron lo mejor de s\u00ed desde el primer partido. En la fase preliminar, Estrella de Rucalhue se enfrent\u00f3 a los anfitriones de El Cholar, un cl\u00e1sico que siempre genera gran emoci\u00f3n. Luego, se midieron contra el equipo de Huec\u00fa y, finalmente, contra Manzano Amargo. Tras superar estos encuentros, lograron clasificar a las semifinales del torneo como l\u00edderes del Grupo A, lo que les permiti\u00f3 disputar un partido crucial contra el Club Sportivo Las Ovejas.<\/p>\n<p>A pesar de la lucha incansable, la derrota por 1-0 ante Las Ovejas los dej\u00f3 fuera de la final, pero con la oportunidad de disputar el tercer y cuarto lugar frente a El Cholar. El esfuerzo y el coraje fueron evidentes, pero el resultado final los ubic\u00f3 en la cuarta posici\u00f3n del certamen, un logro destacable que asegura la clasificaci\u00f3n para la pr\u00f3xima edici\u00f3n del torneo internacional.<\/p>\n<p>Queremos felicitar a nuestros representantes por su entrega, compromiso y por poner el nombre de Quilaco en alto, posicion\u00e1ndose entre los cuatro grandes de este certamen que une a los pueblos de Chile y Argentina a trav\u00e9s del deporte.<\/p>\n<p>Agradecemos a la intendenta @cecilia canales por la c\u00e1lida recepci\u00f3n, a municholar@gmail.com por la invitaci\u00f3n, y a todo el pueblo de El Cholar por su hospitalidad y apoyo. \u00a1Gracias por este gran evento que fortalece los lazos entre nuestras comunidades!<\/p>\n<p>&#8212;<\/p>\n","protected":false},"excerpt":{"rendered":"<p>Una vez m\u00e1s, nuestra querida comuna se hace presente en el \u00e1mbito deportivo internacional gracias al esfuerzo y dedicaci\u00f3n del Club Deportivo Estrella de Rucalhue. Los representantes de Quilaco viajaron hasta la localidad de El Cholar, Argentina, para participar en la Copa Internacional Pichachen, en su 31\u00aa edici\u00f3n, que este a\u00f1o reuni\u00f3 a equipos de [&hellip;]<\/p>\n","protected":false},"author":1,"featured_media":363,"comment_status":"closed","ping_status":"closed","sticky":false,"template":"","format":"image","meta":{"footnotes":""},"categories":[2],"tags":[],"class_list":["post-362","post","type-post","status-publish","format-image","has-post-thumbnail","hentry","category-noticias","post_format-post-format-image"],"_links":{"self":[{"href":"https:\/\/radioaraucania.cl\/index.php?rest_route=\/wp\/v2\/posts\/362","targetHints":{"allow":["GET"]}}],"collection":[{"href":"https:\/\/radioaraucania.cl\/index.php?rest_route=\/wp\/v2\/posts"}],"about":[{"href":"https:\/\/radioaraucania.cl\/index.php?rest_route=\/wp\/v2\/types\/post"}],"author":[{"embeddable":true,"href":"https:\/\/radioaraucania.cl\/index.php?rest_route=\/wp\/v2\/users\/1"}],"replies":[{"embeddable":true,"href":"https:\/\/radioaraucania.cl\/index.php?rest_route=%2Fwp%2Fv2%2Fcomments&post=362"}],"version-history":[{"count":1,"href":"https:\/\/radioaraucania.cl\/index.php?rest_route=\/wp\/v2\/posts\/362\/revisions"}],"predecessor-version":[{"id":364,"href":"https:\/\/radioaraucania.cl\/index.php?rest_route=\/wp\/v2\/posts\/362\/revisions\/364"}],"wp:featuredmedia":[{"embeddable":true,"href":"https:\/\/radioaraucania.cl\/index.php?rest_route=\/wp\/v2\/media\/363"}],"wp:attachment":[{"href":"https:\/\/radioaraucania.cl\/index.php?rest_route=%2Fwp%2Fv2%2Fmedia&parent=362"}],"wp:term":[{"taxonomy":"category","embeddable":true,"href":"https:\/\/radioaraucania.cl\/index.php?rest_route=%2Fwp%2Fv2%2Fcategories&post=362"},{"taxonomy":"post_tag","embeddable":true,"href":"https:\/\/radioaraucania.cl\/index.php?rest_route=%2Fwp%2Fv2%2Ftags&post=362"}],"curies":[{"name":"wp","href":"https:\/\/api.w.org\/{rel}","templated":true}]}}