{"id":346,"date":"2025-02-28T20:31:36","date_gmt":"2025-03-01T00:31:36","guid":{"rendered":"https:\/\/radioaraucania.cl\/?p=346"},"modified":"2025-02-28T20:31:36","modified_gmt":"2025-03-01T00:31:36","slug":"preocupacion-por-posible-llegada-del-dengue-al-pais-agencia-orbe-especial-para-91-3-fm","status":"publish","type":"post","link":"https:\/\/radioaraucania.cl\/?p=346","title":{"rendered":"PREOCUPACI\u00d3N POR POSIBLE LLEGADA DEL \u00abDENGUE\u00bb AL PAIS. (Agencia Orbe, especial para 91.3 FM"},"content":{"rendered":"<p>SANTIAGO, (ORBE).-<\/p>\n<p>SANTIAGO.- El Ministerio de Salud reiter\u00f3 la importancia de<br \/>\nevitar la llegada a Chile del mosquito capaz de transmitir el<br \/>\ndengue, luego que ayer se advirtiera de su presencia en<br \/>\nComplejo Fronterizo Los Libertadores. Seg\u00fan se inform\u00f3, el<br \/>\ninstituto de Salud P\u00fablica detect\u00f3 la presencia del zancudo<br \/>\nAedes aegypti, transmisor del dengue, lo por lo que el paso<br \/>\nfue cerrado de manera temporal hasta esta ma\u00f1ana.<\/p>\n<p>SANTIAGO.- Durante ese periodo, como medida preventiva, se<br \/>\nprogramo\u0301 un operativo de fumigacio\u0301n con<br \/>\nvigilancia epidemiol\u00f3gica, b\u00fasqueda activa, educaci\u00f3n<br \/>\ncomunitaria y control vectorial, pese a que no se han<br \/>\nregistrado casos aut\u00f3ctonos del virus en la zona. Debido a<br \/>\nesto, el doctor Christian Garc\u00eda, jefe del Departamento de<br \/>\nEpidemiolog\u00eda del Minsal, reiter\u00f3 que el mosquito que<br \/>\ntransmite la enfermedad no est\u00e1 presente en el pa\u00eds y que hay<br \/>\nque evitar que se instale en el territorio.<\/p>\n<p>SANTIAGO.- Al respecto, destac\u00f3 que \u00abel dengue es una<br \/>\nenfermedad que se transmite por mosquitos, los cuales no se<br \/>\nencuentran habitualmente dentro de nuestro territorio<br \/>\nnacional. Sin mosquitos no hay dengue y es lo que nosotros<br \/>\nqueremos evitar, que se instale el mosquito para que no<br \/>\ntengamos la enfermedad circulando en nuestro pa\u00eds\u00bb. Asimismo,<br \/>\ninform\u00f3 que \u00abse han notificado ocho casos de dengue, todos<br \/>\nellos con antecedentes de haber sido contagiados fuera de<br \/>\nnuestro territorio\u00bb, y que \u00abno hay casos aut\u00f3ctonos<br \/>\ncontagiado dentro de Chile continental\u00bb,<\/p>\n","protected":false},"excerpt":{"rendered":"<p>SANTIAGO, (ORBE).- SANTIAGO.- El Ministerio de Salud reiter\u00f3 la importancia de evitar la llegada a Chile del mosquito capaz de transmitir el dengue, luego que ayer se advirtiera de su presencia en Complejo Fronterizo Los Libertadores. Seg\u00fan se inform\u00f3, el instituto de Salud P\u00fablica detect\u00f3 la presencia del zancudo Aedes aegypti, transmisor del dengue, lo [&hellip;]<\/p>\n","protected":false},"author":1,"featured_media":347,"comment_status":"closed","ping_status":"closed","sticky":false,"template":"","format":"standard","meta":{"footnotes":""},"categories":[1],"tags":[],"class_list":["post-346","post","type-post","status-publish","format-standard","has-post-thumbnail","hentry","category-uncategorized"],"_links":{"self":[{"href":"https:\/\/radioaraucania.cl\/index.php?rest_route=\/wp\/v2\/posts\/346","targetHints":{"allow":["GET"]}}],"collection":[{"href":"https:\/\/radioaraucania.cl\/index.php?rest_route=\/wp\/v2\/posts"}],"about":[{"href":"https:\/\/radioaraucania.cl\/index.php?rest_route=\/wp\/v2\/types\/post"}],"author":[{"embeddable":true,"href":"https:\/\/radioaraucania.cl\/index.php?rest_route=\/wp\/v2\/users\/1"}],"replies":[{"embeddable":true,"href":"https:\/\/radioaraucania.cl\/index.php?rest_route=%2Fwp%2Fv2%2Fcomments&post=346"}],"version-history":[{"count":1,"href":"https:\/\/radioaraucania.cl\/index.php?rest_route=\/wp\/v2\/posts\/346\/revisions"}],"predecessor-version":[{"id":348,"href":"https:\/\/radioaraucania.cl\/index.php?rest_route=\/wp\/v2\/posts\/346\/revisions\/348"}],"wp:featuredmedia":[{"embeddable":true,"href":"https:\/\/radioaraucania.cl\/index.php?rest_route=\/wp\/v2\/media\/347"}],"wp:attachment":[{"href":"https:\/\/radioaraucania.cl\/index.php?rest_route=%2Fwp%2Fv2%2Fmedia&parent=346"}],"wp:term":[{"taxonomy":"category","embeddable":true,"href":"https:\/\/radioaraucania.cl\/index.php?rest_route=%2Fwp%2Fv2%2Fcategories&post=346"},{"taxonomy":"post_tag","embeddable":true,"href":"https:\/\/radioaraucania.cl\/index.php?rest_route=%2Fwp%2Fv2%2Ftags&post=346"}],"curies":[{"name":"wp","href":"https:\/\/api.w.org\/{rel}","templated":true}]}}