{"id":304,"date":"2025-02-01T12:20:07","date_gmt":"2025-02-01T16:20:07","guid":{"rendered":"https:\/\/radioaraucania.cl\/?p=304"},"modified":"2025-02-01T12:20:07","modified_gmt":"2025-02-01T16:20:07","slug":"vocera-del-gobierno-aisen-etcheverry-trato-de-irresponsable-gob-de-maduro","status":"publish","type":"post","link":"https:\/\/radioaraucania.cl\/?p=304","title":{"rendered":"VOCERA DEL GOBIERNO, AISEN ETCHEVERRY, TRATO DE IRRESPONSABLE GOB. DE MADURO"},"content":{"rendered":"<p>SANTIAGO.- El ministro de Relaciones Exteriores, Alberto van<br \/>\nKlaveren, se\u00f1al\u00f3 que \u00abpor el momento, la situaci\u00f3n de la<br \/>\nrelaci\u00f3n con Venezuela es de suspensi\u00f3n, que, digamos, es un<br \/>\nestatus que existe en la pr\u00e1ctica diplom\u00e1tica\u00bb. Esto, luego<br \/>\nde que la Canciller\u00eda inform\u00f3 que el r\u00e9gimen de Nicol\u00e1s<br \/>\nMaduro solicit\u00f3 a los consulados de Chile en Caracas y Puerto<br \/>\nOrdaz \u00abel cese de sus servicios consulares, como consecuencia<br \/>\nde la suspensi\u00f3n de las relaciones diplom\u00e1ticas entre ambos<br \/>\npa\u00edses\u00bb.<\/p>\n<p>SANTIAGO.- El Canciller a\u00f1adi\u00f3 que \u00abefectivamente, la noticia<br \/>\nfue informada hace dos d\u00edas y estuvimos evaluando las<br \/>\nimplicaciones. No quisimos afectar inmediatamente la<br \/>\nprestaci\u00f3n de servicios consulares y, en consecuencia,<br \/>\ndecidimos hacer el anuncio\u00bb.<\/p>\n<p>SANTIAGO.- En tanto, la vocera subrogante de Gobierno, Ais\u00e9n<br \/>\nEtcheverry, calific\u00f3 de \u00abirresponsable\u00bb la decisi\u00f3n del<br \/>\nr\u00e9gimen de Maduro, al haber unos 12 mil chilenos viviendo en<br \/>\nVenezuela. Por eso, tanto el Presidente Gabriel Boric como el<br \/>\ncanciller estar\u00edan evaluando qu\u00e9 medidas tomar al respecto de<br \/>\nesta situaci\u00f3n.<\/p>\n<p>SANTIAGO.- Personal de Carabineros dispar\u00f3 en contra de un<br \/>\nsujeto que le quit\u00f3 el armamento a un funcionario de la<br \/>\ninstituci\u00f3n durante procedimiento policial en la comuna de Lo<br \/>\nBarnechea, Regi\u00f3n Metropolitana. La comandante Marcela<br \/>\nGallardo dijo que el suceso ocurri\u00f3 en la intersecci\u00f3n de las<br \/>\ncalles Dos Norte con Cinco Norte.<\/p>\n<p>SANTIAGO.- En ese lugar, la polic\u00eda uniformada estaba<br \/>\nfiscalizando a un hombre, identificado con las iniciales<br \/>\nD.A.V. \u00abSe le solicita documentaci\u00f3n, la cual no manten\u00eda. Al<br \/>\nconsultarle por su identidad, comienza a proporcionar<br \/>\nidentidades falsas, por lo que los funcionarios policiales,<br \/>\nal comunicarle que ser\u00eda trasladado a la unidad, comienza su<br \/>\nhuida, a lo cual Carabineros le dio alcance\u00bb, dijo Gallardo.<\/p>\n<p>SANTIAGO.- Los uniformados redujeron al sujeto y mientras lo<br \/>\nsub\u00edan a un carro policial \u00bb un carabinero se percata de que<br \/>\nel sujeto va directo a su arma de servicio, por lo que<br \/>\ncomienza un forcejeo, el individuo logra extraer el arma y el<br \/>\ncarabinero inmediatamente solicita cooperaci\u00f3n.<\/p>\n<p>SANTIAGO.- As\u00ed, otro efectivo concurre y verifica que estaba<br \/>\nabsolutamente en riesgo la integridad f\u00edsica del funcionario<br \/>\ny tambi\u00e9n la integridad del individuo, por lo que hace uso de<br \/>\nsu arma de servicio, hiriendo al atacante con un disparo\u00bb. El<br \/>\nagresor, quien tiene dos \u00f3rdenes de detenci\u00f3n vigente, fue<br \/>\ninternado en el Hospital del Salvador y est\u00e1 en calidad de<br \/>\ndetenido. El funcionario policial se encuentra en buen estado<br \/>\nde salud.<\/p>\n","protected":false},"excerpt":{"rendered":"<p>SANTIAGO.- El ministro de Relaciones Exteriores, Alberto van Klaveren, se\u00f1al\u00f3 que \u00abpor el momento, la situaci\u00f3n de la relaci\u00f3n con Venezuela es de suspensi\u00f3n, que, digamos, es un estatus que existe en la pr\u00e1ctica diplom\u00e1tica\u00bb. Esto, luego de que la Canciller\u00eda inform\u00f3 que el r\u00e9gimen de Nicol\u00e1s Maduro solicit\u00f3 a los consulados de Chile en [&hellip;]<\/p>\n","protected":false},"author":1,"featured_media":305,"comment_status":"closed","ping_status":"closed","sticky":false,"template":"","format":"image","meta":{"footnotes":""},"categories":[2],"tags":[],"class_list":["post-304","post","type-post","status-publish","format-image","has-post-thumbnail","hentry","category-noticias","post_format-post-format-image"],"_links":{"self":[{"href":"https:\/\/radioaraucania.cl\/index.php?rest_route=\/wp\/v2\/posts\/304","targetHints":{"allow":["GET"]}}],"collection":[{"href":"https:\/\/radioaraucania.cl\/index.php?rest_route=\/wp\/v2\/posts"}],"about":[{"href":"https:\/\/radioaraucania.cl\/index.php?rest_route=\/wp\/v2\/types\/post"}],"author":[{"embeddable":true,"href":"https:\/\/radioaraucania.cl\/index.php?rest_route=\/wp\/v2\/users\/1"}],"replies":[{"embeddable":true,"href":"https:\/\/radioaraucania.cl\/index.php?rest_route=%2Fwp%2Fv2%2Fcomments&post=304"}],"version-history":[{"count":1,"href":"https:\/\/radioaraucania.cl\/index.php?rest_route=\/wp\/v2\/posts\/304\/revisions"}],"predecessor-version":[{"id":306,"href":"https:\/\/radioaraucania.cl\/index.php?rest_route=\/wp\/v2\/posts\/304\/revisions\/306"}],"wp:featuredmedia":[{"embeddable":true,"href":"https:\/\/radioaraucania.cl\/index.php?rest_route=\/wp\/v2\/media\/305"}],"wp:attachment":[{"href":"https:\/\/radioaraucania.cl\/index.php?rest_route=%2Fwp%2Fv2%2Fmedia&parent=304"}],"wp:term":[{"taxonomy":"category","embeddable":true,"href":"https:\/\/radioaraucania.cl\/index.php?rest_route=%2Fwp%2Fv2%2Fcategories&post=304"},{"taxonomy":"post_tag","embeddable":true,"href":"https:\/\/radioaraucania.cl\/index.php?rest_route=%2Fwp%2Fv2%2Ftags&post=304"}],"curies":[{"name":"wp","href":"https:\/\/api.w.org\/{rel}","templated":true}]}}