{"id":275,"date":"2025-01-10T20:05:54","date_gmt":"2025-01-11T00:05:54","guid":{"rendered":"https:\/\/radioaraucania.cl\/?p=275"},"modified":"2025-01-10T20:05:54","modified_gmt":"2025-01-11T00:05:54","slug":"por-calor-extremo-alerta-roja-para-la-provincia-de-bio-bio-foto-plaza-los-angeles","status":"publish","type":"post","link":"https:\/\/radioaraucania.cl\/?p=275","title":{"rendered":"POR CALOR EXTREMO, ALERTA ROJA PARA LA PROVINCIA DE BIO BIO (FOTO, PLAZA LOS ANGELES)"},"content":{"rendered":"<p>Se declara Alerta Roja para la Provincia de Biob\u00edo por calor extremo<\/p>\n<p>De acuerdo con la informaci\u00f3n proporcionada por la Direcci\u00f3n Meteorol\u00f3gica de Chile (DMC) se encuentran vigentes los siguientes alertamientos meteorol\u00f3gicos para la Regi\u00f3n del Biob\u00edo:<\/p>\n<p>Alertamiento<\/p>\n<p>Pron\u00f3stico<\/p>\n<p>Inicio<\/p>\n<p>Fin<\/p>\n<p>Alerta AA3<\/p>\n<p>Evento de altas temperaturas extremas en cordillera de la costa, valle y precordillera.<\/p>\n<p>12-01<\/p>\n<p>12-01<\/p>\n<p>Aviso A9-2<\/p>\n<p>Altas temperaturas en litoral, cordillera de la costa, valle y precordillera.<\/p>\n<p>09-01<\/p>\n<p>12-01<\/p>\n<p>Adicionalmente, seg\u00fan lo indicado por la DMC el d\u00eda de hoy, se indica que los montos de temperaturas m\u00e1xima (\u00b0C) pronosticados para los pr\u00f3ximos d\u00edas, son los siguientes:<\/p>\n<p>Zona<\/p>\n<p>Viernes 10<\/p>\n<p>S\u00e1bado 11<\/p>\n<p>Domingo 12<\/p>\n<p>Cordillera de la costa<\/p>\n<p>31\u00b0C \u2013 33\u00b0C<\/p>\n<p>33\u00b0C \u2013 35\u00b0C<\/p>\n<p>35\u00b0C \u2013 37\u00b0C<\/p>\n<p>Valle<\/p>\n<p>32\u00b0C \u2013 34\u00b0C<\/p>\n<p>33\u00b0C \u2013 35\u00b0C<\/p>\n<p>37\u00b0C \u2013 39\u00b0C<\/p>\n<p>Precordillera<\/p>\n<p>30\u00b0C \u2013 32\u00b0C<\/p>\n<p>32\u00b0C \u2013 34\u00b0C<\/p>\n<p>37\u00b0C \u2013 39\u00b0C<\/p>\n<p>En consideraci\u00f3n a estos antecedentes y en coordinaci\u00f3n con la Delegaci\u00f3n Presidencial Regional del Biob\u00edo, la Direcci\u00f3n Regional del SENAPRED declara Alerta Roja Provincial por calor extremo, para la Provincia de Biob\u00edo,vigente a contar de hoy y hasta que las condiciones as\u00ed lo ameriten.<\/p>\n<p>Adem\u00e1s, se modifica la cobertura de la Alerta Amarilla para las Provincias de Arauco y Concepci\u00f3n por Calor Intenso, que se mantiene vigente desde el 08 de enero.<\/p>\n<p>Con la declaraci\u00f3n de esta Alerta Roja, se movilizar\u00e1n todos los recursos necesarios y disponibles para actuar, dada la extensi\u00f3n y severidad del evento.<\/p>\n<p>El SENAPRED recomienda a la poblaci\u00f3n protegerse y extremar las precauciones ante los riesgos derivados del calor extremo, con especial atenci\u00f3n a la poblaci\u00f3n m\u00e1s vulnerable, quienes deben limitar su exposici\u00f3n al sol y mantener su hidrataci\u00f3n. Adem\u00e1s, se aconseja estar informado a trav\u00e9s de los medios de comunicaci\u00f3n respecto del pron\u00f3stico del tiempo.<\/p>\n","protected":false},"excerpt":{"rendered":"<p>Se declara Alerta Roja para la Provincia de Biob\u00edo por calor extremo De acuerdo con la informaci\u00f3n proporcionada por la Direcci\u00f3n Meteorol\u00f3gica de Chile (DMC) se encuentran vigentes los siguientes alertamientos meteorol\u00f3gicos para la Regi\u00f3n del Biob\u00edo: Alertamiento Pron\u00f3stico Inicio Fin Alerta AA3 Evento de altas temperaturas extremas en cordillera de la costa, valle y [&hellip;]<\/p>\n","protected":false},"author":1,"featured_media":39,"comment_status":"closed","ping_status":"closed","sticky":false,"template":"","format":"image","meta":{"footnotes":""},"categories":[2],"tags":[],"class_list":["post-275","post","type-post","status-publish","format-image","has-post-thumbnail","hentry","category-noticias","post_format-post-format-image"],"_links":{"self":[{"href":"https:\/\/radioaraucania.cl\/index.php?rest_route=\/wp\/v2\/posts\/275","targetHints":{"allow":["GET"]}}],"collection":[{"href":"https:\/\/radioaraucania.cl\/index.php?rest_route=\/wp\/v2\/posts"}],"about":[{"href":"https:\/\/radioaraucania.cl\/index.php?rest_route=\/wp\/v2\/types\/post"}],"author":[{"embeddable":true,"href":"https:\/\/radioaraucania.cl\/index.php?rest_route=\/wp\/v2\/users\/1"}],"replies":[{"embeddable":true,"href":"https:\/\/radioaraucania.cl\/index.php?rest_route=%2Fwp%2Fv2%2Fcomments&post=275"}],"version-history":[{"count":1,"href":"https:\/\/radioaraucania.cl\/index.php?rest_route=\/wp\/v2\/posts\/275\/revisions"}],"predecessor-version":[{"id":276,"href":"https:\/\/radioaraucania.cl\/index.php?rest_route=\/wp\/v2\/posts\/275\/revisions\/276"}],"wp:featuredmedia":[{"embeddable":true,"href":"https:\/\/radioaraucania.cl\/index.php?rest_route=\/wp\/v2\/media\/39"}],"wp:attachment":[{"href":"https:\/\/radioaraucania.cl\/index.php?rest_route=%2Fwp%2Fv2%2Fmedia&parent=275"}],"wp:term":[{"taxonomy":"category","embeddable":true,"href":"https:\/\/radioaraucania.cl\/index.php?rest_route=%2Fwp%2Fv2%2Fcategories&post=275"},{"taxonomy":"post_tag","embeddable":true,"href":"https:\/\/radioaraucania.cl\/index.php?rest_route=%2Fwp%2Fv2%2Ftags&post=275"}],"curies":[{"name":"wp","href":"https:\/\/api.w.org\/{rel}","templated":true}]}}