{"id":267,"date":"2025-01-08T11:43:43","date_gmt":"2025-01-08T15:43:43","guid":{"rendered":"https:\/\/radioaraucania.cl\/?p=267"},"modified":"2025-01-08T11:43:43","modified_gmt":"2025-01-08T15:43:43","slug":"resumen-prensa-orbe-radio-tv-araucania-los-angeles-foto-calle-valdivia-los-angeles","status":"publish","type":"post","link":"https:\/\/radioaraucania.cl\/?p=267","title":{"rendered":"RESUMEN PRENSA ORBE &#8211; RADIO TV \u00abARAUCANIA\u00bb, LOS ANGELES \u00b4- FOTO calle VALDIVIA &#8211; Los Angeles"},"content":{"rendered":"<p>SANTIAGO.- Un grupo de sujetos realiz\u00f3 un millonario robo a<br \/>\nla bodega de una ferreter\u00eda en la comuna de Quinta Normal.<br \/>\nDurante su huida, los delincuentes intentaron atropellar al<br \/>\npersonal de Carabineros que se encontraba en el lugar, por lo<br \/>\nque los uniformados repelieron la acci\u00f3n disparando con sus<br \/>\narmas de servicio. Entre lo sustra\u00eddo est\u00e1n diversas especies<br \/>\nen construcci\u00f3n y una caja fuerte que conten\u00eda cerca de 20<br \/>\nmillones de pesos, 15 mil d\u00f3lares y nueve mil euros.<\/p>\n<p>SANTIAGO.- El Equipo de la Fiscal\u00eda ECOH, en conjunto con<br \/>\nCarabineros del OS9 y Labocar, investigan un violento ataque<br \/>\narmado registrado en la comuna de Pudahuel, que dej\u00f3 a un<br \/>\njoven de 18 a\u00f1os y a su padre de 50 heridos de bala. El<br \/>\nfiscal Ernesto Gonz\u00e1lez explic\u00f3 que en el domicilio hab\u00eda una<br \/>\ntercera persona que no result\u00f3 lesionada, y confirm\u00f3 que el<br \/>\njoven tiene antecedentes penales, mientras que el padre no<br \/>\nlos registra.<\/p>\n<p>MELBOURNE (AUSTRALIA).- El tenista chileno Cristian Garin<br \/>\navanz\u00f3 en la primera ronda de la qualy del Abierto de<br \/>\nAustralia, el primer Grand Slam de la temporada, tras<br \/>\nderrotar al boliviano Murkel Dellien por parciales de 6-3 y<br \/>\n6-1 en poco m\u00e1s de una hora de partido. Ahora, Garin deber\u00e1<br \/>\nenfrentarse este martes con el serbio Laslo Djere, n\u00famero 114<br \/>\ndel mundo y que venci\u00f3 al brasile\u00f1o Gustavo Heide.<\/p>\n<p>SANTIAGO.- Tras alcanzar los cuartos de final en el torneo de<br \/>\nBrisbane, el tenista chileno Nicol\u00e1s Jarry logr\u00f3 un leve<br \/>\nascenso en la primera actualizaci\u00f3n del ranking mundial de<br \/>\n2025, instal\u00e1ndose en el puesto 34. Alejandro Tabilo, en<br \/>\ntanto, se mantuvo en el casillero 23 con el objetivo de<br \/>\ndefender el t\u00edtulo en el ATP de Auckland esta semana.<br \/>\nCristian Garin, a su vez, tambi\u00e9n escal\u00f3 un lugar y se situ\u00f3<br \/>\nen el puesto 151 del mundo.<\/p>\n<p>DEL EXTERIOR<\/p>\n<p>MOSCU (RUSIA).- La defensa antia\u00e9rea rusa derrib\u00f3 cinco<br \/>\ndrones ucranianos que intentaron atacar la v\u00edspera la central<br \/>\nnuclear de Zaporiyia, bajo su control desde marzo del 2022,<br \/>\nseg\u00fan inform\u00f3 el ministerio de defensa ruso en un comunicado.<br \/>\nObservadores del Organismo Internacional de Energ\u00eda At\u00f3mica<br \/>\ndesplazados en Ucrania, mientras tanto, informaron haber o\u00eddo<br \/>\nfuertes explosiones y fuego de ametralladoras cerca de la<br \/>\ncentral nuclear.<\/p>\n<p>OTTAWA (CANADA).- El primer ministro canadiense, Justin<br \/>\nTrudeau, habr\u00eda comunicado a algunos de sus asesores m\u00e1s<br \/>\ncercanos su intenci\u00f3n de anunciar su dimisi\u00f3n antes del<br \/>\nmi\u00e9rcoles, seg\u00fan public\u00f3 el peri\u00f3dico The Globe and Mail. Ese<br \/>\nd\u00eda est\u00e1 previsto que se re\u00fana el grupo parlamentario del<br \/>\nPartido Liberal, donde Trudeau parece haber perdido el apoyo<br \/>\nde la mayor\u00eda, e intentar\u00eda as\u00ed evitar la humillaci\u00f3n de ser<br \/>\nrechazado de forma p\u00fablica por su propio partido.<\/p>\n<p>CIUDAD DEL VATICANO.- El papa Francisco inst\u00f3 a acabar con<br \/>\ncualquier forma de marginaci\u00f3n o rechazo, durante la misa de<br \/>\nla Epifan\u00eda por los Reyes Magos en la Bas\u00edlica de San Pedro.<br \/>\nEl pont\u00edfice record\u00f3 que vivimos \u00aben un mundo donde las<br \/>\npersonas y las naciones, aunque dotadas de medios de<br \/>\ncomunicaci\u00f3n cada vez m\u00e1s poderosos, parecen estar menos<br \/>\ndispuestas a entenderse, aceptarse y encontrarse en su<br \/>\ndiversidad\u00bb, durante una ceremonia donde asistieron unas 5<br \/>\nmil personas.<\/p>\n","protected":false},"excerpt":{"rendered":"<p>SANTIAGO.- Un grupo de sujetos realiz\u00f3 un millonario robo a la bodega de una ferreter\u00eda en la comuna de Quinta Normal. Durante su huida, los delincuentes intentaron atropellar al personal de Carabineros que se encontraba en el lugar, por lo que los uniformados repelieron la acci\u00f3n disparando con sus armas de servicio. Entre lo sustra\u00eddo [&hellip;]<\/p>\n","protected":false},"author":1,"featured_media":111,"comment_status":"closed","ping_status":"closed","sticky":false,"template":"","format":"image","meta":{"footnotes":""},"categories":[2],"tags":[],"class_list":["post-267","post","type-post","status-publish","format-image","has-post-thumbnail","hentry","category-noticias","post_format-post-format-image"],"_links":{"self":[{"href":"https:\/\/radioaraucania.cl\/index.php?rest_route=\/wp\/v2\/posts\/267","targetHints":{"allow":["GET"]}}],"collection":[{"href":"https:\/\/radioaraucania.cl\/index.php?rest_route=\/wp\/v2\/posts"}],"about":[{"href":"https:\/\/radioaraucania.cl\/index.php?rest_route=\/wp\/v2\/types\/post"}],"author":[{"embeddable":true,"href":"https:\/\/radioaraucania.cl\/index.php?rest_route=\/wp\/v2\/users\/1"}],"replies":[{"embeddable":true,"href":"https:\/\/radioaraucania.cl\/index.php?rest_route=%2Fwp%2Fv2%2Fcomments&post=267"}],"version-history":[{"count":1,"href":"https:\/\/radioaraucania.cl\/index.php?rest_route=\/wp\/v2\/posts\/267\/revisions"}],"predecessor-version":[{"id":268,"href":"https:\/\/radioaraucania.cl\/index.php?rest_route=\/wp\/v2\/posts\/267\/revisions\/268"}],"wp:featuredmedia":[{"embeddable":true,"href":"https:\/\/radioaraucania.cl\/index.php?rest_route=\/wp\/v2\/media\/111"}],"wp:attachment":[{"href":"https:\/\/radioaraucania.cl\/index.php?rest_route=%2Fwp%2Fv2%2Fmedia&parent=267"}],"wp:term":[{"taxonomy":"category","embeddable":true,"href":"https:\/\/radioaraucania.cl\/index.php?rest_route=%2Fwp%2Fv2%2Fcategories&post=267"},{"taxonomy":"post_tag","embeddable":true,"href":"https:\/\/radioaraucania.cl\/index.php?rest_route=%2Fwp%2Fv2%2Ftags&post=267"}],"curies":[{"name":"wp","href":"https:\/\/api.w.org\/{rel}","templated":true}]}}