{"id":264,"date":"2025-01-06T22:31:58","date_gmt":"2025-01-07T02:31:58","guid":{"rendered":"https:\/\/radioaraucania.cl\/?p=264"},"modified":"2025-01-06T22:31:58","modified_gmt":"2025-01-07T02:31:58","slug":"un-6-de-enero-de-1839-enfrentamiento-en-el-puente-de-buin","status":"publish","type":"post","link":"https:\/\/radioaraucania.cl\/?p=264","title":{"rendered":"UN 6 DE ENERO DE 1839 ENFRENTAMIENTO EN EL PUENTE DE BUIN"},"content":{"rendered":"<p>Durante la Guerra contra la Confederaci\u00f3n Per\u00fa-boliviana, se<br \/>\ndesarroll\u00f3 el Combate del Puente de Buin, cerca de Yungay en<br \/>\nPer\u00fa, el 6 de enero de 1839. El ej\u00e9rcito chileno comandado<br \/>\npor Manuel Bulnes Prieto, estaba compuesto por mil 200<br \/>\nsoldados, mientras que el confederado contaba con 7 mil<br \/>\nhombres al mando de Andr\u00e9s Santa Cruz. A pesar de la<br \/>\ndiferencia de fuerzas el triunfo fue chileno.<\/p>\n<p>Cabe se\u00f1alar que anteriormente, el grueso de nuestros<br \/>\nsoldados se encontraba en el pueblo de Carhuaz, de donde<br \/>\nsalieron en la madrugada del d\u00eda 6 con rumbo a Yungay. All\u00ed<br \/>\nel ej\u00e9rcito se dividi\u00f3 en dos, quedando una de las columnas<br \/>\ndirigidas por Bulnes. Entonces, Santa Cruz decidi\u00f3 aniquilar<br \/>\nesta divisi\u00f3n.<\/p>\n<p>De acuerdo a ese objetivo, cuando nuestras fuerzas cruzaban<br \/>\nel r\u00edo Buin, fueron alcanzados por el enemigo. Si bien este<br \/>\nr\u00edo era extraordinariamente seco; ese d\u00eda ven\u00eda con una<br \/>\nenorme crecida, de hecho, sus aguas, convertidas en torrentes<br \/>\ndebido al violento desnivel, arrastraban grandes piedras,<br \/>\ntroncos y \u00e1rboles.<\/p>\n<p>As\u00ed a las 15:30 horas comenz\u00f3 el combate por la posesi\u00f3n del<br \/>\npuente. Sin embargo, los chilenos lograron cruzarlo, gracias<br \/>\na la valiente y tenaz resistencia que efectu\u00f3 el Subteniente<br \/>\nLorenzo Colip\u00ed junto a otros soldados, durante largas horas<br \/>\nfrente a las avanzadas enemigas, permitiendo de este modo que<br \/>\nel grueso del ej\u00e9rcito se alejara lo suficiente, para<br \/>\nlibrarse de tan peligroso encuentro.<\/p>\n<p>Algunos oficiales bolivianos se arrojaron al torrentoso r\u00edo<br \/>\ncon intenci\u00f3n de cruzarlo, pero el caudal los arrastr\u00f3 y<br \/>\npocos pudieron salvarse. Finalmente, el enemigo se repleg\u00f3<br \/>\ncon sus muertos y heridos a una loma cercana.<\/p>\n<p>Colip\u00ed no s\u00f3lo detuvo al adversario, sino que cort\u00f3 el<br \/>\npuente, quem\u00e1ndolo. Esta acci\u00f3n, junto al Combate del Puente<br \/>\nde Llaclla, le han permitido, a este oficial araucano, ser<br \/>\nconocido por la historia como el \u00abH\u00e9roe de los Puentes\u00bb.<\/p>\n<p>Por el puente Llaclla el Congreso le concedi\u00f3 el derecho a<br \/>\nusar el escudo \u00abA los once del Puente de Llaclla\u00bb, siendo<br \/>\nascendido al grado de Teniente. La inscripci\u00f3n recordaba que<br \/>\nColip\u00ed pele\u00f3 en aquella ocasi\u00f3n con once soldados, contra una<br \/>\nfuerza muy superior.<\/p>\n<p>Mientras que en el segundo encuentro con los confederados, el<br \/>\noficial Colip\u00ed fue un digno exponente de la raza araucana con<br \/>\ntodas sus virtudes de valor y esp\u00edritu guerrero. Cuenta la<br \/>\nhistoria que cuando el General Bulnes, regres\u00f3 a Chile, quiso<br \/>\nfelicitar p\u00fablicamente al Cacique Ulmen Colip\u00ed, por la<br \/>\nbrillante actuaci\u00f3n de su hijo y lo mand\u00f3 llamar a<br \/>\nConcepci\u00f3n.<\/p>\n<p>Ulmen oy\u00f3 atentamente las alabanzas que hac\u00edan de su hijo y<br \/>\nsu rostro no indicaba la m\u00e1s m\u00ednima satisfacci\u00f3n por los<br \/>\nelogios que le prodigaban; el General Bulnes no pudo menos<br \/>\nque preguntarle sino se sent\u00eda orgulloso de las haza\u00f1as de su<br \/>\nheredero.<\/p>\n<p>Brillaron entonces los ojos del Cacique y con esos rasgos de<br \/>\naltiva elocuencia, replic\u00f3: \u00ab\u00bfDe qu\u00e9 te extra\u00f1as, no sab\u00edas<br \/>\nacaso que era hijo m\u00edo?\u00bb.<\/p>\n","protected":false},"excerpt":{"rendered":"<p>Durante la Guerra contra la Confederaci\u00f3n Per\u00fa-boliviana, se desarroll\u00f3 el Combate del Puente de Buin, cerca de Yungay en Per\u00fa, el 6 de enero de 1839. El ej\u00e9rcito chileno comandado por Manuel Bulnes Prieto, estaba compuesto por mil 200 soldados, mientras que el confederado contaba con 7 mil hombres al mando de Andr\u00e9s Santa Cruz. [&hellip;]<\/p>\n","protected":false},"author":1,"featured_media":265,"comment_status":"closed","ping_status":"closed","sticky":false,"template":"","format":"image","meta":{"footnotes":""},"categories":[2],"tags":[],"class_list":["post-264","post","type-post","status-publish","format-image","has-post-thumbnail","hentry","category-noticias","post_format-post-format-image"],"_links":{"self":[{"href":"https:\/\/radioaraucania.cl\/index.php?rest_route=\/wp\/v2\/posts\/264","targetHints":{"allow":["GET"]}}],"collection":[{"href":"https:\/\/radioaraucania.cl\/index.php?rest_route=\/wp\/v2\/posts"}],"about":[{"href":"https:\/\/radioaraucania.cl\/index.php?rest_route=\/wp\/v2\/types\/post"}],"author":[{"embeddable":true,"href":"https:\/\/radioaraucania.cl\/index.php?rest_route=\/wp\/v2\/users\/1"}],"replies":[{"embeddable":true,"href":"https:\/\/radioaraucania.cl\/index.php?rest_route=%2Fwp%2Fv2%2Fcomments&post=264"}],"version-history":[{"count":1,"href":"https:\/\/radioaraucania.cl\/index.php?rest_route=\/wp\/v2\/posts\/264\/revisions"}],"predecessor-version":[{"id":266,"href":"https:\/\/radioaraucania.cl\/index.php?rest_route=\/wp\/v2\/posts\/264\/revisions\/266"}],"wp:featuredmedia":[{"embeddable":true,"href":"https:\/\/radioaraucania.cl\/index.php?rest_route=\/wp\/v2\/media\/265"}],"wp:attachment":[{"href":"https:\/\/radioaraucania.cl\/index.php?rest_route=%2Fwp%2Fv2%2Fmedia&parent=264"}],"wp:term":[{"taxonomy":"category","embeddable":true,"href":"https:\/\/radioaraucania.cl\/index.php?rest_route=%2Fwp%2Fv2%2Fcategories&post=264"},{"taxonomy":"post_tag","embeddable":true,"href":"https:\/\/radioaraucania.cl\/index.php?rest_route=%2Fwp%2Fv2%2Ftags&post=264"}],"curies":[{"name":"wp","href":"https:\/\/api.w.org\/{rel}","templated":true}]}}