{"id":244,"date":"2024-12-31T18:02:15","date_gmt":"2024-12-31T22:02:15","guid":{"rendered":"https:\/\/radioaraucania.cl\/?p=244"},"modified":"2024-12-31T18:02:15","modified_gmt":"2024-12-31T22:02:15","slug":"evelyn-matthei-y-sus-comentarios-de-reforma-de-pensiones-y-los-homicidios-en-chile","status":"publish","type":"post","link":"https:\/\/radioaraucania.cl\/?p=244","title":{"rendered":"EVELYN MATTHEI Y SUS COMENTARIOS DE REFORMA DE PENSIONES Y LOS HOMICIDIOS EN CHILE"},"content":{"rendered":"<p>SANTIAGO.- La exalcaldesa de Providencia, Evelyn Matthei \u2014 y<br \/>\nposible carta presidencial del gremialismo y de Chile Vamos \u2014<br \/>\nvolvi\u00f3 a pronunciarse sobre la contingencia nacional a trav\u00e9s<br \/>\nde \u00abX\u00bb. La semana pasada gener\u00f3 amplio debate por sus<br \/>\ncomentarios sobre la reforma de pensiones y en esta ocasi\u00f3n<br \/>\nse refiri\u00f3 a la cifra de homicidios de los \u00faltimos d\u00edas.<\/p>\n<p>SANTIAGO.- Matthei expres\u00f3 que \u00abhoy las familias chilenas se<br \/>\nven muy perjudicadas por la demora en la aprobaci\u00f3n de leyes<br \/>\nde seguridad que eran tan necesarias para dotar de mejores<br \/>\nherramientas y facultades a Carabineros y las Fuerzas<br \/>\nArmaadas.\u00bb. Adem\u00e1s, agreg\u00f3: \u00abNo existe en La Moneda<br \/>\nautocr\u00edtica alguna, no existi\u00f3 antes, y nadie asume la<br \/>\nresponsabilidad pol\u00edtica\u00bb.<\/p>\n<p>SANTIAGO.- Adem\u00e1s, Matthei agreg\u00f3 que, \u00abNo existe en La<br \/>\nMoneda autocr\u00edtica alguna, no existi\u00f3 antes, y nadie asume la<br \/>\nresponsabilidad pol\u00edtica\u00bb. En esa l\u00ednea, subray\u00f3 que<br \/>\n\u00abmientras tanto, tenemos fines de semana con horrendos<br \/>\ncr\u00edmenes. Una pena enorme. Se requiere que todos nuestros<br \/>\nesfuerzos y recursos est\u00e9n abocados a las mejoras de<br \/>\nseguridad que urgen al pa\u00eds para frenar esta ola de<br \/>\ncr\u00edmenes\u00bb.<\/p>\n<p>SANTIAGO.- El exsubsecretario del Interior RN, Rodrigo<br \/>\nUbilla, coincidi\u00f3 con la encuesta Cadem, que se\u00f1al\u00f3 a la<br \/>\ndelincuencia como el tema m\u00e1s relevante del 2024, pues se<br \/>\ntrata de un fen\u00f3meno que \u00abtiene absolutamente asustada y<br \/>\napabullada a la gran masa ciudadana chilena\u00bb. Hoy \u00abla gente<br \/>\nvive con temor, ha cambiado sus rutinas\u00bb, sostuvo.<\/p>\n<p>SNTIAGO.- El soci\u00f3logo afirm\u00f3 que \u00abuno de los legados del<br \/>\nPresidente Boric va a ser la consolidaci\u00f3n del crimen<br \/>\norganizado transnacional en Chile\u00bb- simismo, dijo, como \u00abla<br \/>\nincapacidad del Estado de combatirlo, con muchos instrumentos<br \/>\nlegislativos \u00fatiles para hacerlo que todav\u00eda est\u00e1n pendientes<br \/>\nen el Congreso\u00bb.<\/p>\n<p>SANTIAGO.- Otra de las noticias m\u00e1s mencionadas en la Cadem<br \/>\nfue la muerte del expresidente Sebasti\u00e1n Pi\u00f1era, que de<br \/>\nacuerdo con su exsubsecretario, puede influir en que, una vez<br \/>\nrealizadas las primarias presidenciales de la derecha,<br \/>\n\u00abprobablemente la oposici\u00f3n gane en primera vuelta\u00bb. El<br \/>\nrepresentante de Libertad y Desarrollo hizo esta predicci\u00f3n<br \/>\nluego de convertirse, en los \u00faltimos d\u00edas, en uno de los<br \/>\nprincipales consejeros estrat\u00e9gicos de la precandidata UDI,<br \/>\nEvelyn Matthei.<\/p>\n<p>SANTIAGO.- Libertad y Desarrollo, LyD, sostuvo que, \u201cLos<br \/>\ndatos muestran la baja capacidad de la econom\u00eda para crear<br \/>\nnuevos empleos, con una tasa de creaci\u00f3n de empleos cada vez<br \/>\nm\u00e1s baja, con empleos informales que siguen cre\u00e1ndose y una<br \/>\ntasa de desempleo que se mantiene por sobre 8 por ciento, lo<br \/>\nque es consistente con el complejo panorama econ\u00f3mico por el<br \/>\nque atraviesa el pa\u00eds\u201d<\/p>\n<p>SANTIAGO.- En este sentido, advierti\u00f3 que, si bien en el<br \/>\n\u00faltimo dato los empleos creados son mayoritariamente<br \/>\nformales, se debe tener cautela con su lectura, y no<br \/>\nnecesariamente significa un cambio permanente en la<br \/>\ntrayectoria de la composici\u00f3n del empleo. Esto, sobre todo<br \/>\nconsiderando las perspectivas de crecimiento econ\u00f3mico.<\/p>\n<p>SANTIAGO.- A un total de ,il 281 millones de d\u00f3lares<br \/>\nalcanzaron las exportaciones de fruta en el primer trimestre<br \/>\nde la temporada 2024\/25 septiembre\u2013noviembre, lo que<br \/>\nrepresenta un crecimiento de 2,2 por ciento respecto de la<br \/>\ntemporada anterior, que fue la mayor de los \u00faltimos 20 a\u00f1os.<br \/>\nAs\u00ed inform\u00f3 ODEPA.<\/p>\n<p>SANTIAGO.- El 48,7 por ciento del valor exportado<br \/>\ncorrespondi\u00f3 a env\u00edos de fruta fresca, por 623,3 millones de<br \/>\nd\u00f3lares, lo que significa un alza de 7,7 por ciento en<br \/>\nrelaci\u00f3n a la temporada anterior a la misma fecha, es decir,<br \/>\nun aumento de 44,5 millones de d\u00f3lares y de 25 por ciento en<br \/>\nvolumen.<\/p>\n<p>SANTIAGO.- Los frutos secos representaron el 18,3 por ciento<br \/>\nde las exportaciones, 233,9 millones de d\u00f3lares, con un<br \/>\naumento en valor de 15,7 por ciento, 31,7 millones de d\u00f3lares<br \/>\nm\u00e1s exportados, pero bajaron en volumen 14,1 por ciento. La<br \/>\nfruta deshidratada correspondi\u00f3 al 10,9 por ciento del valor<br \/>\nexportado, 139 millones de d\u00f3lares, en tanto que 7,9 por<br \/>\nciento fue fruta congelada.<\/p>\n<p>SANTIAGO.- La principal fruta fresca exportada en valor en el<br \/>\nprimer trimestre de la temporada 2024\/25 fue la palta, con<br \/>\n211,8 millones de d\u00f3lares y 77,6 mil toneladas, con un<br \/>\ncrecimiento de 7 por ciento en valor y de 15 por ciento en<br \/>\nvolumen exportado respecto del mismo per\u00edodo de la temporada<br \/>\nanterior, siendo su principal destino Europa.<\/p>\n<p>DEL EXTERIOR<\/p>\n<p>FRAANJA DE GAZA.- El director de la Organizaci\u00f3n Mundial de<br \/>\nla Salud , OMS, pidi\u00f3 este lunes el fin de los ataques contra<br \/>\nlos hospitales de Gaza despu\u00e9s de que Israel atacara uno y<br \/>\nasaltara otro en los \u00faltimos d\u00edas. \u201cLos hospitales de Gaza se<br \/>\nhan convertido de nuevo en campos de batalla y el sistema<br \/>\nsanitario est\u00e1 gravemente amenazado\u201d, dijo el director<br \/>\ngeneral de la OMS, Tedros Adhanom Ghebreyesus, en una<br \/>\npublicaci\u00f3n de X.<br \/>\nFRANJA DE GAZA.- El personero apunt\u00f3 que, \u201crepetimos:<br \/>\ndetengan los ataques contra los hospitales. La poblaci\u00f3n de<br \/>\nGaza necesita acceder a la atenci\u00f3n sanitaria. El personal<br \/>\nhumanitario necesita acceso para proporcionar ayuda<br \/>\nsanitaria. \u00a1Alto el fuego!\u201d, a\u00f1adi\u00f3. El ej\u00e9rcito israel\u00ed dijo<br \/>\nque milicianos de Ham\u00e1s eran el objetivo del ataque lanzado<br \/>\ncontra el hospital al-Wafa de la ciudad de Gaza el domingo,<br \/>\nen el que, seg\u00fan la defensa civil palestina, murieron siete<br \/>\npersonas.<\/p>\n","protected":false},"excerpt":{"rendered":"<p>SANTIAGO.- La exalcaldesa de Providencia, Evelyn Matthei \u2014 y posible carta presidencial del gremialismo y de Chile Vamos \u2014 volvi\u00f3 a pronunciarse sobre la contingencia nacional a trav\u00e9s de \u00abX\u00bb. La semana pasada gener\u00f3 amplio debate por sus comentarios sobre la reforma de pensiones y en esta ocasi\u00f3n se refiri\u00f3 a la cifra de homicidios [&hellip;]<\/p>\n","protected":false},"author":1,"featured_media":245,"comment_status":"closed","ping_status":"closed","sticky":false,"template":"","format":"image","meta":{"footnotes":""},"categories":[2],"tags":[],"class_list":["post-244","post","type-post","status-publish","format-image","has-post-thumbnail","hentry","category-noticias","post_format-post-format-image"],"_links":{"self":[{"href":"https:\/\/radioaraucania.cl\/index.php?rest_route=\/wp\/v2\/posts\/244","targetHints":{"allow":["GET"]}}],"collection":[{"href":"https:\/\/radioaraucania.cl\/index.php?rest_route=\/wp\/v2\/posts"}],"about":[{"href":"https:\/\/radioaraucania.cl\/index.php?rest_route=\/wp\/v2\/types\/post"}],"author":[{"embeddable":true,"href":"https:\/\/radioaraucania.cl\/index.php?rest_route=\/wp\/v2\/users\/1"}],"replies":[{"embeddable":true,"href":"https:\/\/radioaraucania.cl\/index.php?rest_route=%2Fwp%2Fv2%2Fcomments&post=244"}],"version-history":[{"count":1,"href":"https:\/\/radioaraucania.cl\/index.php?rest_route=\/wp\/v2\/posts\/244\/revisions"}],"predecessor-version":[{"id":246,"href":"https:\/\/radioaraucania.cl\/index.php?rest_route=\/wp\/v2\/posts\/244\/revisions\/246"}],"wp:featuredmedia":[{"embeddable":true,"href":"https:\/\/radioaraucania.cl\/index.php?rest_route=\/wp\/v2\/media\/245"}],"wp:attachment":[{"href":"https:\/\/radioaraucania.cl\/index.php?rest_route=%2Fwp%2Fv2%2Fmedia&parent=244"}],"wp:term":[{"taxonomy":"category","embeddable":true,"href":"https:\/\/radioaraucania.cl\/index.php?rest_route=%2Fwp%2Fv2%2Fcategories&post=244"},{"taxonomy":"post_tag","embeddable":true,"href":"https:\/\/radioaraucania.cl\/index.php?rest_route=%2Fwp%2Fv2%2Ftags&post=244"}],"curies":[{"name":"wp","href":"https:\/\/api.w.org\/{rel}","templated":true}]}}