{"id":241,"date":"2024-12-31T17:48:58","date_gmt":"2024-12-31T21:48:58","guid":{"rendered":"https:\/\/radioaraucania.cl\/?p=241"},"modified":"2024-12-31T17:48:58","modified_gmt":"2024-12-31T21:48:58","slug":"ministra-del-trabajo-que-las-efp-se-enojen-nos-tienen-sin-cuidado","status":"publish","type":"post","link":"https:\/\/radioaraucania.cl\/?p=241","title":{"rendered":"MINISTRA DEL TRABAJO. \u00abQUE LAS EFP SE ENOJEN NOS TIENEN SIN CUIDADO&#8230;\u00bb"},"content":{"rendered":"<p>SANTIGO.- La ministra del Trabajo, la comunist Jeannette<br \/>\nJara, fue consultada este lunes por las declaraciones<br \/>\ncruzadas entre el Gobierno y las AFP, en un punto de prensa<br \/>\nrealizado en el Palacio de La Moneda. Manteniendo la t\u00f3nica<br \/>\nde los \u00faltimos d\u00edas, arremeti\u00f3 contra estas.<br \/>\n\u00abQue las AFP se enojen la verdad nos tiene bien sin cuidado,<br \/>\nsinceramente. Yo creo que aqu\u00ed lo importante es pensar en los<br \/>\npensionados\u00bb\u00bb.<\/p>\n<p>SANTIAGO.- A eso, Jara agreg\u00f3 que \u00ablo que piensen las AFP es<br \/>\nproblema de ellos\u00bb. Es que el jueves de la semana pasada el<br \/>\nPresidente Gabriel Boric subi\u00f3 el tono por el proyecto<br \/>\nprevisional que se discute en la Comisi\u00f3n de Trabajo del<br \/>\nSenado. Y escribi\u00f3 en su cuenta de X: \u00abA las AFP no les gusta<br \/>\nla reforma de pensiones. Es una muy buena se\u00f1al para avanzar<br \/>\nen la reforma de pensiones\u00bb.<\/p>\n<p>SANTIAGO.- Tras ello, Jara respald\u00f3 sus dichos, argumentando<br \/>\nque es una opini\u00f3n \u00abmuy compartida ciudadanamente\u00bb y que \u00ablas<br \/>\nAFP han hecho una gran resistencia a que caiga la reforma, y<br \/>\neso es una realidad. Buscan proteger su negocio y es otra<br \/>\nrealidad, y tienen cero autocr\u00edtica\u00bb<\/p>\n<p>SANTIAGO.- El ministro subrogante de Obras P\u00fablicas, Danilo<br \/>\nN\u00fa\u00f1ez, apunt\u00f3 que si bien las tarifas de los peajes<br \/>\naumentar\u00e1n a partir del 1 de enero de 2025, quienes vuelvan a<br \/>\nSantiago en esa jornada podr\u00e1n evitar este incremento si<br \/>\nhacen uso del \u00abpeaje a luca\u00bb. La autoridad destac\u00f3 que, con<br \/>\nmotivo del A\u00f1o Nuevo, \u00abdesde este lunes salen casi 800 mil<br \/>\nveh\u00edculos\u00bb,<\/p>\n<p>SANTIAGO.- Respecto al mentado aumento, N\u00fa\u00f1ez precis\u00f3 que \u00abel<br \/>\n1 de enero sube el valor de peajes producto de los contratos<br \/>\nque hay con cada una de las concesionarias, pero sube en 4,8<br \/>\npor ciento, que es lo que suben todos los productos en el<br \/>\npa\u00eds por el IPC. Sin embargo, el mi\u00e9rcoles tambi\u00e9n vamos a<br \/>\ntener el peaje a mil pesos, que opera desde las 7:00 hasta<br \/>\nlas 13:00 horas\u00bb, expres\u00f3.<\/p>\n<p>SANTIAGO.- Una batalla judicial desatada es la que se est\u00e1<br \/>\ndando entre Sartor Administradora General de Fondos<br \/>\n-asesorada por el abogado Antonio Rubilar- y la Comisi\u00f3n para<br \/>\nel Mercado Financiero, CMF. Eso, luego de que la firma<br \/>\npresentara una nueva acci\u00f3n. La empresa, que ya hab\u00eda<br \/>\ningresado un recurso de ilegalidad d\u00edas antes, ahora denuncia<br \/>\nuna serie de irregularidades en las actuaciones del<br \/>\nregulador, las que calific\u00f3 como \u00abencerrona\u00bb,<br \/>\n\u00abamedrentamientos\u00bb y un proceder \u00abmatonesco\u00bb.<\/p>\n<p>SANTIAGO.- Gonzalo Tapia deja atr\u00e1s las dudas sobre su<br \/>\nfuturo. Tras semanas de incertidumbre luego de su salida de<br \/>\nUniversidad Cat\u00f3lica. Seg\u00fan se conoci\u00f3, el atacante firmar\u00e1<br \/>\ncon River Plate, de acuerdo a la informaci\u00f3n recabada por L<br \/>\nTercera. Ser\u00e1 un contrato de cuatro a\u00f1os. Ah\u00ed el atacante<br \/>\nnacional se encontrar\u00e1 con un compatriota, el defensor Paulo<br \/>\nD\u00edaz.<\/p>\n<p>DEL EXTERIOR<\/p>\n<p>BEIJING (CHINA).- El presidente chino, Xi Jinping, destac\u00f3<br \/>\neste lunes al fallecido exmandatario estadounidense Jimmy<br \/>\nCarter como un \u00abpromotor clave\u00bb en el establecimiento de<br \/>\nrelaciones diplom\u00e1ticas entre China y Estados Unidos en 1979.<br \/>\nEn un mensaje dirigido al actual presidente de EE.UU., Joe<br \/>\nBiden, Xi expres\u00f3 su \u00abprofundo pesar\u00bb por la p\u00e9rdida de<br \/>\nCarter y extendi\u00f3 sus \u00absinceras condolencias\u00bb a su familia en<br \/>\nnombre del Gobierno y el pueblo chino.<\/p>\n<p>BEIJING (CHIN).- El Mandatario chino elogi\u00f3 tambi\u00e9n sus<br \/>\n\u00absignificativas contribuciones al desarrollo de relaciones<br \/>\nbilaterales y a la promoci\u00f3n de intercambios amistosos\u00bb.<br \/>\nJinping aprovech\u00f3 el mensaje para enfatizar que las<br \/>\nrelaciones entre el gigante asi\u00e1tico y el pa\u00eds norteamericano<br \/>\nson \u00abuna de las m\u00e1s importantes a nivel mundial\u00bb y reafirm\u00f3<br \/>\nla disposici\u00f3n de su Gobierno para \u00abtrabajar junto a Estaados<br \/>\nUnidos. en beneficio de los intereses fundamentales de ambos<br \/>\npueblos\u00bb.<\/p>\n","protected":false},"excerpt":{"rendered":"<p>SANTIGO.- La ministra del Trabajo, la comunist Jeannette Jara, fue consultada este lunes por las declaraciones cruzadas entre el Gobierno y las AFP, en un punto de prensa realizado en el Palacio de La Moneda. Manteniendo la t\u00f3nica de los \u00faltimos d\u00edas, arremeti\u00f3 contra estas. \u00abQue las AFP se enojen la verdad nos tiene bien [&hellip;]<\/p>\n","protected":false},"author":1,"featured_media":242,"comment_status":"closed","ping_status":"closed","sticky":false,"template":"","format":"image","meta":{"footnotes":""},"categories":[2],"tags":[],"class_list":["post-241","post","type-post","status-publish","format-image","has-post-thumbnail","hentry","category-noticias","post_format-post-format-image"],"_links":{"self":[{"href":"https:\/\/radioaraucania.cl\/index.php?rest_route=\/wp\/v2\/posts\/241","targetHints":{"allow":["GET"]}}],"collection":[{"href":"https:\/\/radioaraucania.cl\/index.php?rest_route=\/wp\/v2\/posts"}],"about":[{"href":"https:\/\/radioaraucania.cl\/index.php?rest_route=\/wp\/v2\/types\/post"}],"author":[{"embeddable":true,"href":"https:\/\/radioaraucania.cl\/index.php?rest_route=\/wp\/v2\/users\/1"}],"replies":[{"embeddable":true,"href":"https:\/\/radioaraucania.cl\/index.php?rest_route=%2Fwp%2Fv2%2Fcomments&post=241"}],"version-history":[{"count":1,"href":"https:\/\/radioaraucania.cl\/index.php?rest_route=\/wp\/v2\/posts\/241\/revisions"}],"predecessor-version":[{"id":243,"href":"https:\/\/radioaraucania.cl\/index.php?rest_route=\/wp\/v2\/posts\/241\/revisions\/243"}],"wp:featuredmedia":[{"embeddable":true,"href":"https:\/\/radioaraucania.cl\/index.php?rest_route=\/wp\/v2\/media\/242"}],"wp:attachment":[{"href":"https:\/\/radioaraucania.cl\/index.php?rest_route=%2Fwp%2Fv2%2Fmedia&parent=241"}],"wp:term":[{"taxonomy":"category","embeddable":true,"href":"https:\/\/radioaraucania.cl\/index.php?rest_route=%2Fwp%2Fv2%2Fcategories&post=241"},{"taxonomy":"post_tag","embeddable":true,"href":"https:\/\/radioaraucania.cl\/index.php?rest_route=%2Fwp%2Fv2%2Ftags&post=241"}],"curies":[{"name":"wp","href":"https:\/\/api.w.org\/{rel}","templated":true}]}}