{"id":234,"date":"2024-12-25T16:21:41","date_gmt":"2024-12-25T20:21:41","guid":{"rendered":"https:\/\/radioaraucania.cl\/?p=234"},"modified":"2024-12-25T16:21:41","modified_gmt":"2024-12-25T20:21:41","slug":"resumen-prensa-agencia-orbe-para-araucania-radio-tv-los-angeles-91-3-f-m","status":"publish","type":"post","link":"https:\/\/radioaraucania.cl\/?p=234","title":{"rendered":"RES\u00daMEN PRENSA AGENCIA \u00abORBE\u00bb PARA \u00abARAUCANIA\u00bb, RADIO TV &#8211; LOS \u00c1NGELES, 91.3 F.M."},"content":{"rendered":"<p>TEMUCO.- La Secretar\u00eda General de la Universidad de La<br \/>\nFrontera, UFRO, present\u00f3 una denuncia ante el Ministerio<br \/>\nP\u00fablico por posibles delitos de corrupci\u00f3n, vinculados con la<br \/>\ncrisis econ\u00f3mica que enfrenta esa casa de estudios de La<br \/>\nAraucan\u00eda. La acusaci\u00f3n responde a supuestas irregularidades<br \/>\nderivadas de un informe de auditor\u00eda, \u00abrespecto de los<br \/>\nrecursos recibidos por esta entidad en los a\u00f1os 2022 a 2024,<br \/>\ny con el objeto de determinar eventuales responsabilidades<br \/>\npenales\u00bb, se explic\u00f3.<\/p>\n<p>TEMUCO.- La fiscal Nelly Marabol\u00ed, vocera del ente persecutor<br \/>\nen la regi\u00f3n, indic\u00f3 que, \u00abEsta investigaci\u00f3n est\u00e1 liderada<br \/>\npor la Fiscal\u00eda de Alta Complejidad, quienes ya est\u00e1n<br \/>\nabocados a revisar los numerosos tomos que abarcan los<br \/>\nresultados de esta auditor\u00eda. Est, con el objeto de poder<br \/>\ndeterminar si se configura alg\u00fan delito, y las eventuales<br \/>\nresponsabilidades en los mismos\u00bb, precis\u00f3.<\/p>\n<p>TEMUCO.- Desde fines de noviembre, 300 personas fueron<br \/>\ndespedidas de la instituci\u00f3n por causa del d\u00e9ficit<br \/>\npresupuestario, mientras que dos vicerrectores y el propio<br \/>\nrector, Eduardo Hebel, renunciaron a sus cargos a mediados de<br \/>\ndiciembre. Por otro lado, docentes y estudiantes de la<br \/>\nuniversidad advirtieron la semana pasada que el segundo<br \/>\nsemestre se cerr\u00f3 de manera anticipada en medio de la<br \/>\ncrisis.<\/p>\n<p>SANTIAGO.- El abogado H\u00e9ctor Humeres, representante de la<br \/>\ncasa de estudios de la Universidad de Chile en el directorio<br \/>\nde Azul Azul, se refiri\u00f3 al traspaso de las acciones de la<br \/>\nsociedad desde Sartor a Michael Clark, y critic\u00f3 la<br \/>\n\u00abopacidad\u00bb con la que se desarroll\u00f3 esta operaci\u00f3n. El<br \/>\nabogado cont\u00f3 que el directorio de la concesionaria se reuni\u00f3<br \/>\npor Zoom por su solicitud, para tener detalles del<br \/>\ntraspaso.<\/p>\n<p>SANTIAGO.- Humeres mencion\u00f3 que, \u00abClark dijo que era efectivo<br \/>\nque hab\u00eda pasado a ser el accionista controlador y que, por<br \/>\nel momento, eso no significaba ning\u00fan cambio. Que lo hab\u00eda<br \/>\nhecho porque quer\u00eda mucho al club, lleva tres a\u00f1os como<br \/>\npresidente y quer\u00eda acentuar su trabajo\u00bb<br \/>\nHumeres, adem\u00e1s, afirm\u00f3 que Clark respondi\u00f3 que el cambio de<br \/>\npropiedad fue antes del viernes, y que la compra de las<br \/>\nacciones fue una inversi\u00f3n propia.<\/p>\n<p>SANTIAGO.- Humeres, no obstante, expuso su preocupaci\u00f3n por<br \/>\nno haber sido informado el directorio oportunamente de esta<br \/>\noperaci\u00f3n, y sostuvo que \u00abpuede afectar de cierta manera el<br \/>\nrendimiento del club\u00bb esta situaci\u00f3n. Si bien afirm\u00f3 que<br \/>\nClark \u00abha sido muy franco y respetuoso con el directorio\u00bb,<br \/>\ninsisti\u00f3 que este traspaso de Sartor sin informaci\u00f3n sobre el<br \/>\nmonto pagado, la forma y la fecha \u00abno es com\u00fan\u00bb.<\/p>\n<p>RANCAGUA.- La tarde del martes, en v\u00edsperas de Navidad,<br \/>\nDaniela Ar\u00e1nguiz sorprendi\u00f3 al visitar a su expareja Jorge<br \/>\nValdivia, que se encuentra en prisi\u00f3n preventiva por dos<br \/>\ndelitos de violaci\u00f3n. Ar\u00e1nguiz,<br \/>\npreviamente, quien actualmente es panelista de \u00abOnly Fama\u00bb,<br \/>\ndeclar\u00f3 que no hab\u00eda visitado al exjugador de Colo Colo en<br \/>\nprisi\u00f3n ya que \u00abir a visitar es algo complicado\u00bb.<\/p>\n<p>DEL EXTERIOR<\/p>\n<p>CIUDAD DEL VATICANO.- El papa Francisco pidi\u00f3 este mi\u00e9rcoles<br \/>\nen su mensaje de Navidad que callen las armas en Ucrania y se<br \/>\n\u201ctenga la audacia de abrir negociaciones para una paz justa\u201d<br \/>\ny que en Gaza \u201ccese el fuego, que se liberen los rehenes y se<br \/>\nayude a la poblaci\u00f3n extenuada por el hambre y la guerra\u201d.<br \/>\nComo es tradicional, Francisco aprovech\u00f3 su mensaje de<br \/>\nNavidad para recordar los conflictos y los problemas en el<br \/>\nmundo.<\/p>\n<p>CIUDAD DEL VATICANO.- El Papa Francisco lo pidio antes de<br \/>\nimpartir la bendici\u00f3n \u2018Urbi et Orbi\u2019 ante una plaza de San<br \/>\nPedro a la que acudieron unas 30 mil personas. \u201cQue callen<br \/>\nlas armas en la martirizada Ucrania. Que se tenga la audacia<br \/>\nde abrir la puerta a las negociaciones y a los gestos de<br \/>\ndi\u00e1logo y de encuentro, para llegar a una paz justa y<br \/>\nduradera\u201d, dijo el papa.<\/p>\n<p>CIUDAD DEL VATICANO.- Asimismo, el Pont\u00edfice \u00b4plante\u00f3 que,<br \/>\n\u00abcallen las armas en Oriente Medio. Con los ojos fijos en la<br \/>\ncuna de Bel\u00e9n, dirijo mi pensamiento a las comunidades<br \/>\ncristianas de Israel y Palestina, en particular a Gaza, donde<br \/>\nla situaci\u00f3n humanitaria es grav\u00edsima. Que cese el fuego, que<br \/>\nse liberen los rehenes y se ayude a la poblaci\u00f3n extenuada<br \/>\npor el hambre y la guerra\u201d, a\u00f1adi\u00f3 el Papa. mensaje.<\/p>\n<p>FIN\/RCM\/RCM<\/p>\n<p>@@<br \/>\n&#8230;<\/p>\n","protected":false},"excerpt":{"rendered":"<p>TEMUCO.- La Secretar\u00eda General de la Universidad de La Frontera, UFRO, present\u00f3 una denuncia ante el Ministerio P\u00fablico por posibles delitos de corrupci\u00f3n, vinculados con la crisis econ\u00f3mica que enfrenta esa casa de estudios de La Araucan\u00eda. La acusaci\u00f3n responde a supuestas irregularidades derivadas de un informe de auditor\u00eda, \u00abrespecto de los recursos recibidos por [&hellip;]<\/p>\n","protected":false},"author":1,"featured_media":34,"comment_status":"closed","ping_status":"closed","sticky":false,"template":"","format":"image","meta":{"footnotes":""},"categories":[2],"tags":[],"class_list":["post-234","post","type-post","status-publish","format-image","has-post-thumbnail","hentry","category-noticias","post_format-post-format-image"],"_links":{"self":[{"href":"https:\/\/radioaraucania.cl\/index.php?rest_route=\/wp\/v2\/posts\/234","targetHints":{"allow":["GET"]}}],"collection":[{"href":"https:\/\/radioaraucania.cl\/index.php?rest_route=\/wp\/v2\/posts"}],"about":[{"href":"https:\/\/radioaraucania.cl\/index.php?rest_route=\/wp\/v2\/types\/post"}],"author":[{"embeddable":true,"href":"https:\/\/radioaraucania.cl\/index.php?rest_route=\/wp\/v2\/users\/1"}],"replies":[{"embeddable":true,"href":"https:\/\/radioaraucania.cl\/index.php?rest_route=%2Fwp%2Fv2%2Fcomments&post=234"}],"version-history":[{"count":1,"href":"https:\/\/radioaraucania.cl\/index.php?rest_route=\/wp\/v2\/posts\/234\/revisions"}],"predecessor-version":[{"id":235,"href":"https:\/\/radioaraucania.cl\/index.php?rest_route=\/wp\/v2\/posts\/234\/revisions\/235"}],"wp:featuredmedia":[{"embeddable":true,"href":"https:\/\/radioaraucania.cl\/index.php?rest_route=\/wp\/v2\/media\/34"}],"wp:attachment":[{"href":"https:\/\/radioaraucania.cl\/index.php?rest_route=%2Fwp%2Fv2%2Fmedia&parent=234"}],"wp:term":[{"taxonomy":"category","embeddable":true,"href":"https:\/\/radioaraucania.cl\/index.php?rest_route=%2Fwp%2Fv2%2Fcategories&post=234"},{"taxonomy":"post_tag","embeddable":true,"href":"https:\/\/radioaraucania.cl\/index.php?rest_route=%2Fwp%2Fv2%2Ftags&post=234"}],"curies":[{"name":"wp","href":"https:\/\/api.w.org\/{rel}","templated":true}]}}