{"id":224,"date":"2024-12-20T22:21:32","date_gmt":"2024-12-21T02:21:32","guid":{"rendered":"https:\/\/radioaraucania.cl\/?p=224"},"modified":"2024-12-20T22:21:32","modified_gmt":"2024-12-21T02:21:32","slug":"resumen-noticias-orbe-para-radio-tv-araucania-los-angeles-foto-plaza-ohiggins","status":"publish","type":"post","link":"https:\/\/radioaraucania.cl\/?p=224","title":{"rendered":"RES\u00daMEN NOTICIAS \u00abORBE\u00bb, PARA RADIO TV ARAUCANIA, LOS ANGELES  (Foto plaza O\u00bbHiggins)"},"content":{"rendered":"<p>VALPARAISO.- El Comit\u00e9 Central del Frente Amplio confirm\u00f3 que<br \/>\nel abogado Roberto Celed\u00f3n, viudo de Mercedes Bulnes, ocupar\u00e1<br \/>\nel esca\u00f1o de la legisladora en la C\u00e1mara de Diputados en<br \/>\nrepresentaci\u00f3n del Distrito 17, Regi\u00f3n del Maule. Celed\u00f3n fue<br \/>\npropuesto por la directiva nacional del Frente Amplio y su<br \/>\nnombre ratificado por el Comit\u00e9 Central.<\/p>\n<p>VALPARAISO.- En esa l\u00ednea, la presidenta del partido,<br \/>\nConstanza Martinez, se\u00f1al\u00f3 que \u00abnos pareci\u00f3 que \u00e9l re\u00fane las<br \/>\nmejores condiciones para ocupar el cargo, considerando la<br \/>\nnecesidad de dar continuidad al trabajo parlamentario en la<br \/>\nregi\u00f3n, y la disposici\u00f3n a un trabajo conjunto\u00bb. \u00abPor su<br \/>\ntrayectoria profesional y pol\u00edtica, especialmente en materia<br \/>\nde defensa de los derechos humanos, creemos que ser\u00e1 un<br \/>\naporte significativo para nuestra bancada y para el Congreso<br \/>\nen general\u00bb, dijo.<\/p>\n<p>ARICA.- El Tribunal de Juicio Oral en lo Penal de Arica<br \/>\nsentenci\u00f3 a una pena de 20 a\u00f1os de c\u00e1rcel al m\u00e9dico<br \/>\npsiquiatra Ricardo Y\u00e9venes, en calidad de autor del delito de<br \/>\nfemicidio perpetrado contra su conviviente, una mujer, de 35<br \/>\na\u00f1os de edad, de iniciales F.V.P. en diversas oportunidades,<br \/>\nocasion\u00e1ndole m\u00faltiples contusiones en la cabeza, t\u00f3rax y<br \/>\nextremidades superiores e inferiores. El hecho fue registrado<br \/>\ndurante diciembre de 2022, en el valle de Azapa de la<br \/>\nciudad.<\/p>\n<p>SANTIAGO.- La Comisi\u00f3n para el Mercado Financiero le dio un<br \/>\nduro golpe a la concesionaria que lleva los destinos al club<br \/>\nUniversidad de Chile, Azul Azul, luego que revoc\u00f3 la<br \/>\nexistencia de la administradora de fondos de inversi\u00f3n Sartor<br \/>\ny design\u00f3 a un liquidador. La CMF public\u00f3 un comunicado luego<br \/>\nde su sesi\u00f3n ordinaria del 19 de diciembre y en \u00e9l comunic\u00f3<br \/>\nesta determinaci\u00f3n, definienco que uno de sus directivos,<br \/>\nFernando P\u00e9rez Jim\u00e9nez, estar\u00e1 encargado de la liquidaci\u00f3n.<\/p>\n<p>VI\u00d1A DEL MAR.- La organizaci\u00f3n de Vi\u00f1a 2025 confirm\u00f3 a<br \/>\nIncubus y The Cult como los n\u00fameros anglo de su pr\u00f3xima<br \/>\nversi\u00f3n. Durante la emisi\u00f3n del matinal \u00abMucho Gusto\u00bb, la<br \/>\nalcaldesa Macarena Ripamonti fue la encargada de informar que<br \/>\nlas bandas de rock subir\u00e1n a la Quinta Vergara el pr\u00f3ximo 27<br \/>\nde febrero. As\u00ed, Incubus, agrupaci\u00f3n que tiene dos shows<br \/>\nconfirmados en el Movistar Arena para abril del 2025, abrir\u00e1<br \/>\nlos fuegos la quinta noche del certamen.<\/p>\n<p>DEL EXTERIOR<\/p>\n<p>KUALA LUMPUR (MALASIA).- El Gobierno de Malasia afirm\u00f3 que<br \/>\nacept\u00f3 en principio la reanudaci\u00f3n de la b\u00fasqueda del vuelo<br \/>\nMH370 de Malaysia Airlines, desaparecido en 2014 con 239<br \/>\npersonas a bordo en el oc\u00e9ano \u00cdndico, lo que ser\u00e1 el tercer<br \/>\nintento para encontrar el avi\u00f3n. El ministro de Transporte<br \/>\nmalasio, Anthony Loke, dijo que est\u00e1 negociando un acuerdo<br \/>\npara que la empresa de exploraci\u00f3n brit\u00e1nica Ocean Infinity<br \/>\nasuma la b\u00fasqueda de los restos del avi\u00f3n en un \u00e1rea de 15<br \/>\nmil kil\u00f3metros al oeste de Australia.<\/p>\n<p>KUALA LUMPUR (MALASIA).- El ministro precis\u00f3 que esta<br \/>\nb\u00fasqueda se realizar\u00e1 bajo el principio de \u00absin localizaci\u00f3n<br \/>\nno hay pago\u00bb, lo que implica que Malasia no pagar\u00e1 nada a la<br \/>\ncompa\u00f1\u00eda si no logra encontrar los restos del Boeing 777. Se<br \/>\ndesconocen las causas de la desaparici\u00f3n del vuelo MH370,<br \/>\naunque hay teor\u00edas sobre un supuesto secuestro suicida o un<br \/>\nfallo t\u00e9cnico, y muchos est\u00e1n de acuerdo en que se trata del<br \/>\nmayor misterio de la aviaci\u00f3n.<\/p>\n","protected":false},"excerpt":{"rendered":"<p>VALPARAISO.- El Comit\u00e9 Central del Frente Amplio confirm\u00f3 que el abogado Roberto Celed\u00f3n, viudo de Mercedes Bulnes, ocupar\u00e1 el esca\u00f1o de la legisladora en la C\u00e1mara de Diputados en representaci\u00f3n del Distrito 17, Regi\u00f3n del Maule. Celed\u00f3n fue propuesto por la directiva nacional del Frente Amplio y su nombre ratificado por el Comit\u00e9 Central. VALPARAISO.- [&hellip;]<\/p>\n","protected":false},"author":1,"featured_media":32,"comment_status":"closed","ping_status":"closed","sticky":false,"template":"","format":"image","meta":{"footnotes":""},"categories":[2],"tags":[],"class_list":["post-224","post","type-post","status-publish","format-image","has-post-thumbnail","hentry","category-noticias","post_format-post-format-image"],"_links":{"self":[{"href":"https:\/\/radioaraucania.cl\/index.php?rest_route=\/wp\/v2\/posts\/224","targetHints":{"allow":["GET"]}}],"collection":[{"href":"https:\/\/radioaraucania.cl\/index.php?rest_route=\/wp\/v2\/posts"}],"about":[{"href":"https:\/\/radioaraucania.cl\/index.php?rest_route=\/wp\/v2\/types\/post"}],"author":[{"embeddable":true,"href":"https:\/\/radioaraucania.cl\/index.php?rest_route=\/wp\/v2\/users\/1"}],"replies":[{"embeddable":true,"href":"https:\/\/radioaraucania.cl\/index.php?rest_route=%2Fwp%2Fv2%2Fcomments&post=224"}],"version-history":[{"count":1,"href":"https:\/\/radioaraucania.cl\/index.php?rest_route=\/wp\/v2\/posts\/224\/revisions"}],"predecessor-version":[{"id":225,"href":"https:\/\/radioaraucania.cl\/index.php?rest_route=\/wp\/v2\/posts\/224\/revisions\/225"}],"wp:featuredmedia":[{"embeddable":true,"href":"https:\/\/radioaraucania.cl\/index.php?rest_route=\/wp\/v2\/media\/32"}],"wp:attachment":[{"href":"https:\/\/radioaraucania.cl\/index.php?rest_route=%2Fwp%2Fv2%2Fmedia&parent=224"}],"wp:term":[{"taxonomy":"category","embeddable":true,"href":"https:\/\/radioaraucania.cl\/index.php?rest_route=%2Fwp%2Fv2%2Fcategories&post=224"},{"taxonomy":"post_tag","embeddable":true,"href":"https:\/\/radioaraucania.cl\/index.php?rest_route=%2Fwp%2Fv2%2Ftags&post=224"}],"curies":[{"name":"wp","href":"https:\/\/api.w.org\/{rel}","templated":true}]}}