{"id":219,"date":"2024-12-20T21:27:17","date_gmt":"2024-12-21T01:27:17","guid":{"rendered":"https:\/\/radioaraucania.cl\/?p=219"},"modified":"2024-12-20T21:27:17","modified_gmt":"2024-12-21T01:27:17","slug":"en-los-angeles-funcionarios-de-salud-municipal-se-acogieron-a-retiro-voluntario","status":"publish","type":"post","link":"https:\/\/radioaraucania.cl\/?p=219","title":{"rendered":"EN LOS ANGELES, FUNCIONARIOS DE SALUD MUNICIPAL SE ACOGIERON A RETIRO VOLUNTARIO"},"content":{"rendered":"<p>En una emotiva e \u00edntima ceremonia, encabezada por el alcalde Jos\u00e9 P\u00e9rez<br \/>\nArriagada y junto a la Asociaci\u00f3n de Funcionarios de Salud Municipal (Afusam) y a<br \/>\nlos concejales Jos\u00e9 Salcedo y Zen\u00f3n Jorquera, 13 trabajadores de salud comunal<br \/>\ndijeron &quot;adi\u00f3s&quot; a la Atenci\u00f3n Primaria de Salud, tras acogerse a retiro voluntario.<br \/>\nAcompa\u00f1ando al jefe comunal -quien agradeci\u00f3 y felicit\u00f3 a los exfuncionarios-<br \/>\nestuvieron Rodrigo Araya, encargado comunal de Salud y representante de la<br \/>\ndirectora comunal de Salud, Marta Aravena; adem\u00e1s de directores de CESFAM y<br \/>\njefes de departamento de la Direcci\u00f3n Comunal de Salud.<br \/>\n\u201cSe lamenta la partida de mucho personal que, por a\u00f1os estuvo trabajando en el<br \/>\nsector salud, pero, esperamos que aprovechen de disfrutar junto a sus familias,<br \/>\nsus amigos, sus amigas; seguramente les queda mucho tiempo para trabajar,<br \/>\nporque hay gente relativamente joven, en condiciones de seguir trabajando. As\u00ed<br \/>\nque gracias por lo que hicieron, mucha felicidad y que el futuro les depare<br \/>\nalegr\u00eda y felicidad, que es lo m\u00e1s importante\u201d.<br \/>\nDuval Pinto, m\u00e9dico del CESFAM Rural Santa Fe; y Cristina Cifuentes, TENS de la<br \/>\nposta San Carlos Pur\u00e9n, fueron 2 de los participantes en este acto institucional,<br \/>\nque marca un cese de funciones, pero tambi\u00e9n un sincero reconocimiento a<br \/>\nd\u00e9cadas de servicio p\u00fablico, tal como expresaron.<br \/>\n\u201cMe pareci\u00f3 muy bonito que hayamos estado acompa\u00f1ados de nuestras familias,<br \/>\nde nuestros amigos y encontrarnos con todos los que conozco hace mucho tiempo<br \/>\ny que recibi\u00e9ramos ese tremendo abrazo de todos ustedes. Muy bueno,<br \/>\nagradecido por todas las cosas y agradecido, tambi\u00e9n, porque terminamos esta<br \/>\netapa, pero avanzamos hacia la otra. No nos vamos a quedar ah\u00ed\u201d, manifest\u00f3<br \/>\nPinto.<br \/>\n\u201cLlega la hora en que uno tiene que jubilarse, igual tiene sentimientos<br \/>\nencontrados por el hecho de que ya no voy a tener m\u00e1s mi rutina, de levantarme<\/p>\n<p>temprano, tener toda una actividad que hacer diariamente; recibir a los<br \/>\nprofesionales, interactuar con las personas y pensar que eso ya no lo voy a tener<br \/>\nm\u00e1s\u201d, reflexion\u00f3 Cifuentes.<br \/>\nTODOS LOS RETIRADOS<br \/>\nAparte de los ya se\u00f1alados fueron homenajeados Alejandro Aguilera (auxiliar de<br \/>\nvigilancia, CESFAM Entre R\u00edos), \u00c9rika Arroyo (asistente social, CESFAM Norte),<br \/>\nMauricio Barra (odont\u00f3logo, CESFAM Norte), Jos\u00e9 Belmar (auxiliar de servicio,<br \/>\nDirecci\u00f3n Comunal de Salud) y Luis Ben\u00edtez (auxiliar de vigilancia, CESFAM<br \/>\nNorte).<br \/>\nA ellos se sumaron Ana Freire (auxiliar de servicio, CESFAM Nuevo Horizonte),<br \/>\nPatricia Saavedra (TANS, Direcci\u00f3n Comunal de Salud), Nami-Ko Saito (m\u00e9dico de<br \/>\nfamilia, CESFAM Norte), Patricia Serrano (m\u00e9dico de familia, CESFAM Norte) y<br \/>\nAna Zegpi (TENS, CESFAM Norte).<br \/>\nPor motivos personales no estuvo presente Carmen Gloria Morales, qu\u00edmico<br \/>\nfarmac\u00e9utico del CESFAM Nororiente.<\/p>\n<p>SE AGRADECE DIFUSI\u00d3N<\/p>\n","protected":false},"excerpt":{"rendered":"<p>En una emotiva e \u00edntima ceremonia, encabezada por el alcalde Jos\u00e9 P\u00e9rez Arriagada y junto a la Asociaci\u00f3n de Funcionarios de Salud Municipal (Afusam) y a los concejales Jos\u00e9 Salcedo y Zen\u00f3n Jorquera, 13 trabajadores de salud comunal dijeron &quot;adi\u00f3s&quot; a la Atenci\u00f3n Primaria de Salud, tras acogerse a retiro voluntario. Acompa\u00f1ando al jefe comunal [&hellip;]<\/p>\n","protected":false},"author":1,"featured_media":220,"comment_status":"closed","ping_status":"closed","sticky":false,"template":"","format":"image","meta":{"footnotes":""},"categories":[2],"tags":[],"class_list":["post-219","post","type-post","status-publish","format-image","has-post-thumbnail","hentry","category-noticias","post_format-post-format-image"],"_links":{"self":[{"href":"https:\/\/radioaraucania.cl\/index.php?rest_route=\/wp\/v2\/posts\/219","targetHints":{"allow":["GET"]}}],"collection":[{"href":"https:\/\/radioaraucania.cl\/index.php?rest_route=\/wp\/v2\/posts"}],"about":[{"href":"https:\/\/radioaraucania.cl\/index.php?rest_route=\/wp\/v2\/types\/post"}],"author":[{"embeddable":true,"href":"https:\/\/radioaraucania.cl\/index.php?rest_route=\/wp\/v2\/users\/1"}],"replies":[{"embeddable":true,"href":"https:\/\/radioaraucania.cl\/index.php?rest_route=%2Fwp%2Fv2%2Fcomments&post=219"}],"version-history":[{"count":1,"href":"https:\/\/radioaraucania.cl\/index.php?rest_route=\/wp\/v2\/posts\/219\/revisions"}],"predecessor-version":[{"id":221,"href":"https:\/\/radioaraucania.cl\/index.php?rest_route=\/wp\/v2\/posts\/219\/revisions\/221"}],"wp:featuredmedia":[{"embeddable":true,"href":"https:\/\/radioaraucania.cl\/index.php?rest_route=\/wp\/v2\/media\/220"}],"wp:attachment":[{"href":"https:\/\/radioaraucania.cl\/index.php?rest_route=%2Fwp%2Fv2%2Fmedia&parent=219"}],"wp:term":[{"taxonomy":"category","embeddable":true,"href":"https:\/\/radioaraucania.cl\/index.php?rest_route=%2Fwp%2Fv2%2Fcategories&post=219"},{"taxonomy":"post_tag","embeddable":true,"href":"https:\/\/radioaraucania.cl\/index.php?rest_route=%2Fwp%2Fv2%2Ftags&post=219"}],"curies":[{"name":"wp","href":"https:\/\/api.w.org\/{rel}","templated":true}]}}