{"id":165,"date":"2024-11-21T12:32:36","date_gmt":"2024-11-21T16:32:36","guid":{"rendered":"https:\/\/radioaraucania.cl\/?p=165"},"modified":"2024-11-21T12:32:36","modified_gmt":"2024-11-21T16:32:36","slug":"la-industria-forestal-chilena-inauguro-la-feria-internacional-de-la-madera","status":"publish","type":"post","link":"https:\/\/radioaraucania.cl\/?p=165","title":{"rendered":"LA INDUSTRIA FORESTAL CHILENA INAUGURO LA FERIA INTERNACIONAL DE LA MADERA"},"content":{"rendered":"<p>La industria forestal chilena inaugur\u00f3 la Feria Internacional de la Madera, Celulosa y Papel, Expocorma 2024, el evento m\u00e1s relevante del sector en Latinoam\u00e9rica, que se lleva a cabo en Coronel hasta el viernes 22 de noviembre y que cont\u00f3 con la participaci\u00f3n de autoridades nacionales y regionales, representantes de 160 empresas y delegaciones de cinco pa\u00edses. <\/p>\n<p>La ceremonia fue encabezada por el Presidente de Corma, Juan Jos\u00e9 Ugarte; el Ministro de Econom\u00eda, Fomento y Turismo, Nicol\u00e1s Grau; el Ministro de Agricultura, Esteban Valenzuela, y el Gobernador de la Regi\u00f3n del Biob\u00edo, Rodrigo D\u00edaz, quienes destacaron los desaf\u00edos y oportunidades para el desarrollo sostenible del sector.<\/p>\n<p>El Presidente de Corma, se\u00f1al\u00f3 que \u201chemos alcanzado una visi\u00f3n de Estado sobre el desarrollo del mundo forestal. Chile tiene un futuro sustentable a partir de sus bosques, la fibra y la madera, por lo que es hora de recuperar la potencia forestal que se hab\u00eda extraviado y avanzar con innovaci\u00f3n y creatividad hacia un nuevo ciclo forestal\u201d.<\/p>\n<p>El l\u00edder gremial tambi\u00e9n enfatiz\u00f3 sobre la necesidad de volver a plantar y proteger los bosques utilizando las m\u00e1s modernas tecnolog\u00edas disponibles. \u201cTenemos la potencia, la capacidad, la industria, las universidades y, sobre todo, a los j\u00f3venes, para liderar un desarrollo forestal sostenible e innovador. De aqu\u00ed en adelante s\u00f3lo podemos esperar buenas noticias si seguimos trabajando unidos, poniendo al sector forestal en el lugar que merece como pilar econ\u00f3mico y ambiental del pa\u00eds\u201d, agreg\u00f3.<\/p>\n<p>Por su parte, el Gobernador del Biob\u00edo, Rodrigo D\u00edaz, destac\u00f3 que la regi\u00f3n sigue siendo la capital forestal del pa\u00eds, a pesar de los desaf\u00edos enfrentados en la \u00faltima d\u00e9cada. \u201cEl sector forestal es la viga maestra de la econom\u00eda de nuestra regi\u00f3n, pero hemos perdido 50 mil empleos en el \u00faltimo tiempo. Es fundamental avanzar en acuerdos p\u00fablico-privados y fortalecer medidas de fomento para peque\u00f1os agricultores y propietarios\u201d, se\u00f1al\u00f3.<\/p>\n<p>El Ministro de Econom\u00eda, Nicol\u00e1s Grau, destac\u00f3 la importancia de la industria forestal dentro del plan de fortalecimiento industrial del Biob\u00edo. \u201cEstamos trabajando para que los peque\u00f1os y medianos productores vuelvan a plantar y para fomentar la construcci\u00f3n en madera, que genera empleo, innovaci\u00f3n y aporta a los desaf\u00edos ambientales del pa\u00eds\u201d, coment\u00f3.<\/p>\n<p>Asimismo, el Ministro de Agricultura, Esteban Valenzuela, resalt\u00f3 los avances en pol\u00edticas p\u00fablicas que apoyan al sector. \u201cEl Gobierno ha duplicado el presupuesto de CONAF y estamos implementando una Ley de Incendios con acuerdos transversales para proteger los bosques y fomentar su desarrollo. Esto es fundamental para fortalecer el v\u00ednculo entre sostenibilidad y desarrollo forestal\u201d.<\/p>\n<p>Bajo el lema \u201cDesaf\u00edos para un Chile sostenible\u201d, Expocorma 2024 tendr\u00e1 actividades como seminarios, charlas t\u00e9cnicas y demostraciones en vivo. Adem\u00e1s, habr\u00e1 espacios dedicados a pymes, comunidades locales y actividades culturales, consolidando su rol como una plataforma clave para la bioeconom\u00eda y la sustentabilidad en Chile.<\/p>\n<p>Rueda de Negocios<\/p>\n<p>En el marco de Expocorma, ProChile organiz\u00f3 una rueda de negocios para promover y fortalecer las exportaciones de las empresas del sector. A la cita llegaron 18 importadores de pa\u00edses como Paraguay, Per\u00fa y Guatemala. <\/p>\n<p>La delegaci\u00f3n paraguaya estuvo encabezada por Rodrigo Maluff, Viceministro de la Red de Inversiones y Exportaciones (REDIEX) del Ministerio de Industria y Comercio (MIC) de ese pa\u00eds. La agenda incluy\u00f3 visitas a terreno, reuniones protocolares con sus contrapartes y espacios de networking.<\/p>\n<p>Seg\u00fan datos del Departamento de Inteligencia Comercial de ProChile, con Cifras del Servicio Nacional de Aduanas, entre enero y octubre de este a\u00f1o los env\u00edos forestales registran US$5.105 millones, lo que representa un +12,3% que el mismo per\u00edodo del a\u00f1o 2023.<\/p>\n<p>Para m\u00e1s informaci\u00f3n y el programa de actividades, visita www.expocorma.cl<\/p>\n","protected":false},"excerpt":{"rendered":"<p>La industria forestal chilena inaugur\u00f3 la Feria Internacional de la Madera, Celulosa y Papel, Expocorma 2024, el evento m\u00e1s relevante del sector en Latinoam\u00e9rica, que se lleva a cabo en Coronel hasta el viernes 22 de noviembre y que cont\u00f3 con la participaci\u00f3n de autoridades nacionales y regionales, representantes de 160 empresas y delegaciones de [&hellip;]<\/p>\n","protected":false},"author":1,"featured_media":166,"comment_status":"closed","ping_status":"closed","sticky":false,"template":"","format":"image","meta":{"footnotes":""},"categories":[2],"tags":[],"class_list":["post-165","post","type-post","status-publish","format-image","has-post-thumbnail","hentry","category-noticias","post_format-post-format-image"],"_links":{"self":[{"href":"https:\/\/radioaraucania.cl\/index.php?rest_route=\/wp\/v2\/posts\/165","targetHints":{"allow":["GET"]}}],"collection":[{"href":"https:\/\/radioaraucania.cl\/index.php?rest_route=\/wp\/v2\/posts"}],"about":[{"href":"https:\/\/radioaraucania.cl\/index.php?rest_route=\/wp\/v2\/types\/post"}],"author":[{"embeddable":true,"href":"https:\/\/radioaraucania.cl\/index.php?rest_route=\/wp\/v2\/users\/1"}],"replies":[{"embeddable":true,"href":"https:\/\/radioaraucania.cl\/index.php?rest_route=%2Fwp%2Fv2%2Fcomments&post=165"}],"version-history":[{"count":1,"href":"https:\/\/radioaraucania.cl\/index.php?rest_route=\/wp\/v2\/posts\/165\/revisions"}],"predecessor-version":[{"id":167,"href":"https:\/\/radioaraucania.cl\/index.php?rest_route=\/wp\/v2\/posts\/165\/revisions\/167"}],"wp:featuredmedia":[{"embeddable":true,"href":"https:\/\/radioaraucania.cl\/index.php?rest_route=\/wp\/v2\/media\/166"}],"wp:attachment":[{"href":"https:\/\/radioaraucania.cl\/index.php?rest_route=%2Fwp%2Fv2%2Fmedia&parent=165"}],"wp:term":[{"taxonomy":"category","embeddable":true,"href":"https:\/\/radioaraucania.cl\/index.php?rest_route=%2Fwp%2Fv2%2Fcategories&post=165"},{"taxonomy":"post_tag","embeddable":true,"href":"https:\/\/radioaraucania.cl\/index.php?rest_route=%2Fwp%2Fv2%2Ftags&post=165"}],"curies":[{"name":"wp","href":"https:\/\/api.w.org\/{rel}","templated":true}]}}