{"id":162,"date":"2024-11-18T15:49:46","date_gmt":"2024-11-18T19:49:46","guid":{"rendered":"https:\/\/radioaraucania.cl\/?p=162"},"modified":"2024-11-18T15:49:46","modified_gmt":"2024-11-18T19:49:46","slug":"pdte-boric-sigue-cuestionado-por-caso-monsalve-orbe-radio-araucania-l-angeles","status":"publish","type":"post","link":"https:\/\/radioaraucania.cl\/?p=162","title":{"rendered":"PDTE. BORIC SIGUE CUESTIONADO POR CASO MONSALVE &#8211; ORBE &#8211; RADIO ARAUCANIA &#8211; L.ANGELES"},"content":{"rendered":"<p>SANTIAGO.- El ministro de Relaciones Exteriores, Alberto van<br \/>\nKlaveren,<br \/>\nse refiri\u00f3 a los cuestionamientos al Presidente Gabriel Boric<br \/>\npor el testimonio que entreg\u00f3 al Ministerio P\u00fablico sobre el<br \/>\ncaso de Manuel Monsalve. Al respecto, afirm\u00f3 que \u00abla<br \/>\ndeclaraci\u00f3n es transparente y, por lo dem\u00e1s, coincidente con<br \/>\nlo que ya se ha dicho en p\u00fablico\u00bb, dijo.<\/p>\n<p>SANTIAGO.- Esto, luego de que el Mandatario confirmara a la<br \/>\nFiscal\u00eda que supo de la denuncia en contra del ex<br \/>\nsubsecretario del Interior por violaci\u00f3n y abuso sexual dos<br \/>\nd\u00edas antes de que el funcionario comunicara su dimisi\u00f3n en el<br \/>\nPalacio de La Moneda. La declaraci\u00f3n de Boric, entregada el<br \/>\n29 de octubre a los fiscales que investigan el caso, Xavier<br \/>\nArmend\u00e1riz y Francisco Jacir, fue publicada por The Clinic.<\/p>\n<p>SANTIAGO.- En el texto, Boric relat\u00f3 que \u00abtom\u00e9 conocimiento<br \/>\nde que exist\u00eda una denuncia por abuso sexual y violaci\u00f3n en<br \/>\ncontra del exsubsecretario Monsalve el martes 15 de octubre,<br \/>\nalrededor de las 16:00 horas, por hab\u00e9rmelo as\u00ed indicado la<br \/>\nministra del Interior, Carolina Toh\u00e1. Adem\u00e1s, me informa que<br \/>\nexist\u00eda una investigaci\u00f3n de la PDI por el acceso de \u00e9l a<br \/>\nc\u00e1maras de seguridad del hotel a prop\u00f3sito de ese hecho\u00bb,<br \/>\ndeclar\u00f3.<\/p>\n<p>SANTIAGO.- Adem\u00e1s, en un punto de prensa en Brasil, van<br \/>\nKlaveren descart\u00f3 que el caso Monsalve est\u00e9 opacando la<br \/>\nparticipaci\u00f3n internacional de Chile. Dijo que, por el<br \/>\ncontrario, lo relacionado a este bullado caso \u00abno ha estado<br \/>\npresente en ninguna conversaci\u00f3n bilateral y tampoco en<br \/>\nnuestra propia delegaci\u00f3n\u00bb, sostuvo.<\/p>\n<p>SANTIAGO.- El Presidente Gabriel Boric, particip\u00f3 en el<br \/>\nplenario Urban 20, junto a su par de Brasil, Luiz In\u00e1cio Lula<br \/>\nda Silva, instancia que re\u00fane a los alcaldes de las capitales<br \/>\nde los respectivos pa\u00edses miembros del G20. En su alocuci\u00f3n,<br \/>\nel Mandatario destac\u00f3 que \u00abhemos hablado aqu\u00ed de combatir la<br \/>\nemergencia clim\u00e1tica, en Chile lo hemos vivido<br \/>\ndesgarradoramente, con incendios que incluso han afectado<br \/>\nnuestras ciudades\u00bb.<\/p>\n<p>SANTIAGO.- Por eso, Boric dijo que \u00abnecesitamos la<br \/>\ncolaboraci\u00f3n de todos para poder enfrentar sus efectos, es<br \/>\ntremendamente importante que confiemos en la ciencia, y todos<br \/>\ncompartamos nuestras experiencias para poder adaptarnos a<br \/>\nesta nueva realidad\u00bb. \u00abEn Chile lo estamos haciendo con<br \/>\nnuestra nueva ley marco de cambio clim\u00e1tico, que establece la<br \/>\nmeta de alcanzar la carbono-neutralidad en nuestro pa\u00eds al<br \/>\n2050\u00bb, resalt\u00f3.<\/p>\n<p>SANTIAGO.- El jefe de la bancada de Evoluci\u00f3n Pol\u00edtica,<br \/>\nEv\u00f3poli, el diputado Jorge Guzm\u00e1n, advirti\u00f3 que el<br \/>\nnombramiento de Emilia R\u00edos, FA, como nueva subsecretaria del<br \/>\nDeporte \u00abpodr\u00eda ser ilegal\u00bb. Por eso, anunci\u00f3 que recurrir\u00e1<br \/>\nla Contralor\u00eda para que se pronuncie al respecto.<\/p>\n<p>SANTIAGO.- Guzm\u00e1n expuso que la ex alcaldesa \u00abrenunci\u00f3 para<br \/>\npostular como parlamentaria, pero d\u00edas despu\u00e9s asumi\u00f3 un alto<br \/>\ncargo en el Gobierno\u00bb y \u00abel art\u00edculo 60 de la Ley Org\u00e1nica de<br \/>\nMunicipalidades regula c\u00f3mo un alcalde puede renunciar\u00bb por<br \/>\n\u00abmotivos justificados, con aprobaci\u00f3n de 2\/3 del Concejo, o<br \/>\npara postular a un cargo de elecci\u00f3n popular, sin necesidad<br \/>\nde aprobaci\u00f3n\u00bb.<\/p>\n<p>SANTIAGO.- En esa l\u00ednea, explic\u00f3 \u00ab\u00bfPor qu\u00e9 esto ser\u00eda ilegal?<br \/>\nEl art\u00edculo 57 de la Constituci\u00f3n se\u00f1ala que los<br \/>\nsubsecretarios no pueden postular como diputados o senadores.<br \/>\nEntonces, si Emilia R\u00edos no renunci\u00f3 para ser candidata, sino<br \/>\npara ser subsecretaria, debi\u00f3 solicitar la aprobaci\u00f3n del<br \/>\nConcejo Municipal. Pero no lo hizo\u00bb.\u00bbEsto es grave, su<br \/>\nrenuncia podr\u00eda ser ilegal, y lo mismo su nombramiento\u00bb,<br \/>\nadvirti\u00f3.<\/p>\n<p>CONCEPCION.- El gobernador regional del Biob\u00edo, Rodrigo D\u00edaz,<br \/>\ninform\u00f3 sobre la aprobaci\u00f3n de 12 mil 300 millones para la<br \/>\nconstrucci\u00f3n del nuevo edificio consistorial para la comuna<br \/>\nde Yumbel. La inversi\u00f3n, aprobada por unanimidad en la sesi\u00f3n<br \/>\ndel Consejo Regional, tiene como objetivo modernizar el<br \/>\nservicio municipal de Yumbel y mejorar la atenci\u00f3n hacia sus<br \/>\nhabitantes, reemplazando el actual edificio, que tiene m\u00e1s de<br \/>\n80 a\u00f1os de antig\u00fcedad.<\/p>\n<p>SANTIAGO.- Gianluca Nani, gerente deportivo de la escuadra de<br \/>\nUdinese,<br \/>\nen entrevista con Il Messaggero, confirm\u00f3 que Alexis S\u00e1nchez<br \/>\nno jugar\u00e1 hasta el 2025, debido a sus lesiones. \u00abS\u00e1nchez<br \/>\nahora est\u00e1 casi listo para trabajar en la parte atl\u00e9tica.<br \/>\nRegresar\u00e1 en 2025, eso est\u00e1 claro, pero no sabemos con<br \/>\nexactitud cu\u00e1ndo\u00bb.<\/p>\n<p>SANTIAGO.- Nani adem\u00e1s se refiri\u00f3 a las cr\u00edticas que recibi\u00f3<br \/>\nel club por contratar al chileno, uno de lo sueldos top de la<br \/>\ninstituci\u00f3n. \u00abAlexis tiene una gran personalidad y car\u00e1cter<br \/>\nque tambi\u00e9n lo ha demostrado en su deseo de acelerar la<br \/>\nrecuperaci\u00f3n de su lesi\u00f3n, tal vez arriesgando incluso su<br \/>\ncarrera. Estamos orgullosos de \u00e9l, es el l\u00edder que sab\u00edamos<br \/>\nque ser\u00eda\u00bb, dijo.<\/p>\n<p>SANTIAGO.- \u00d1ublense hizo historia despu\u00e9s de igualar 1-1 y<br \/>\nsuperar con un global de 2-3 a Magallanes en las semifinales<br \/>\nde Copa Chile, accediendo por primera vez a una final del<br \/>\ntorneo y asegur\u00e1ndose su participaci\u00f3n en la pr\u00f3xima Copa<br \/>\nLibertadores. Los dirigidos por Mario Salas se medir\u00e1n ante<br \/>\nUniversidad de Chile, elenco que super\u00f3 hace un mes a<br \/>\nCoquimbo Unido, el pr\u00f3ximo mi\u00e9rcoles en el Estadio Nacional a<br \/>\nlas 19:00 horas.<\/p>\n<p>SANTIAGO.- Colo Colo gole\u00f3 por 3-0 a Deportes Iquique por la<br \/>\nvuelta de la semifinal del Campeonato Femenino. Con este<br \/>\nresultado avanzaron a la final por un marcador global de 6-0<br \/>\na su favor y se enfrentar\u00e1n a Universidad de Chile EN la gran<br \/>\nfinal del certamen. El encuentro definitorio a\u00fan no tiene<br \/>\nfecha definida entre albas y azules, que vienen de avanzar<br \/>\nante Coquimbo Unido en penales.<\/p>\n<p>TALCA.- La fiesta en el Estadio Fiscal fue euf\u00f3rica durante<br \/>\nla noche del domingo despu\u00e9s de que Rangers igualase 2-2 ante<br \/>\nDeportes Santa Cruz, lo que le permiti\u00f3 avanzar<br \/>\ndram\u00e1ticamente con un global de 4-3 a las semifinales de la<br \/>\nliguilla del Ascenso. Tambi\u00e9n e esta rona clasific\u00f3 Deportes<br \/>\nLimache, equipo que como visitante gole\u00f3 a Deportes<br \/>\nAntofagasta por 4-0. sumando un global de 6-1. En la<br \/>\nsiguiente etapa Rangers se medir\u00e1 con Deportes Recoleta y<br \/>\nMagallanes con Limache.<\/p>\n<p>VALDIVIA.- La chilena Macarena Salazar hizo historia al ganar<br \/>\nla primera edici\u00f3n del Ironman 70.3 de Valdivia, venciendo<br \/>\nen un notable sprint final a la francesa Lea Riccoboni. En la<br \/>\ncategor\u00eda hombres, el vencedor fue el estadounidense Colin<br \/>\nSzuch, quien impuso un ritmo avasallador promediando los 21k<br \/>\ndel trote. El mejor nacional fue Mart\u00edn Ulloa, quien remat\u00f3<br \/>\ns\u00e9ptimo.<\/p>\n","protected":false},"excerpt":{"rendered":"<p>SANTIAGO.- El ministro de Relaciones Exteriores, Alberto van Klaveren, se refiri\u00f3 a los cuestionamientos al Presidente Gabriel Boric por el testimonio que entreg\u00f3 al Ministerio P\u00fablico sobre el caso de Manuel Monsalve. Al respecto, afirm\u00f3 que \u00abla declaraci\u00f3n es transparente y, por lo dem\u00e1s, coincidente con lo que ya se ha dicho en p\u00fablico\u00bb, dijo. [&hellip;]<\/p>\n","protected":false},"author":1,"featured_media":163,"comment_status":"closed","ping_status":"closed","sticky":false,"template":"","format":"image","meta":{"footnotes":""},"categories":[2],"tags":[],"class_list":["post-162","post","type-post","status-publish","format-image","has-post-thumbnail","hentry","category-noticias","post_format-post-format-image"],"_links":{"self":[{"href":"https:\/\/radioaraucania.cl\/index.php?rest_route=\/wp\/v2\/posts\/162","targetHints":{"allow":["GET"]}}],"collection":[{"href":"https:\/\/radioaraucania.cl\/index.php?rest_route=\/wp\/v2\/posts"}],"about":[{"href":"https:\/\/radioaraucania.cl\/index.php?rest_route=\/wp\/v2\/types\/post"}],"author":[{"embeddable":true,"href":"https:\/\/radioaraucania.cl\/index.php?rest_route=\/wp\/v2\/users\/1"}],"replies":[{"embeddable":true,"href":"https:\/\/radioaraucania.cl\/index.php?rest_route=%2Fwp%2Fv2%2Fcomments&post=162"}],"version-history":[{"count":1,"href":"https:\/\/radioaraucania.cl\/index.php?rest_route=\/wp\/v2\/posts\/162\/revisions"}],"predecessor-version":[{"id":164,"href":"https:\/\/radioaraucania.cl\/index.php?rest_route=\/wp\/v2\/posts\/162\/revisions\/164"}],"wp:featuredmedia":[{"embeddable":true,"href":"https:\/\/radioaraucania.cl\/index.php?rest_route=\/wp\/v2\/media\/163"}],"wp:attachment":[{"href":"https:\/\/radioaraucania.cl\/index.php?rest_route=%2Fwp%2Fv2%2Fmedia&parent=162"}],"wp:term":[{"taxonomy":"category","embeddable":true,"href":"https:\/\/radioaraucania.cl\/index.php?rest_route=%2Fwp%2Fv2%2Fcategories&post=162"},{"taxonomy":"post_tag","embeddable":true,"href":"https:\/\/radioaraucania.cl\/index.php?rest_route=%2Fwp%2Fv2%2Ftags&post=162"}],"curies":[{"name":"wp","href":"https:\/\/api.w.org\/{rel}","templated":true}]}}